{"id":24276,"date":"2025-05-09T14:02:06","date_gmt":"2025-05-09T12:02:06","guid":{"rendered":"https:\/\/ordenamigas.es\/orden-y-limpieza-claves-en-hogares-y-oficinas\/"},"modified":"2025-05-20T12:12:29","modified_gmt":"2025-05-20T10:12:29","slug":"ordnung-und-sauberkeit-das-a-und-o-in-wohnung-und-buero","status":"publish","type":"post","link":"https:\/\/ordenamigas.es\/de\/ordnung-und-sauberkeit-das-a-und-o-in-wohnung-und-buero\/","title":{"rendered":"Ordnung und Sauberkeit: das A und O in Wohnung und B\u00fcro"},"content":{"rendered":"\n<p class=\"has-medium-font-size\">\ud83e\udda0 Die Kr\u00e4tze ist auf den Balearen auf dem Vormarsch, und viele Familien und Unternehmen sind auf der Suche nach wirksamen L\u00f6sungen f\u00fcr ihre Bek\u00e4mpfung. Wir wissen, dass diese Krankheit l\u00e4stig und hartn\u00e4ckig sein kann, aber eine gute Strategie der Ordnung und Sauberkeit kann den Unterschied ausmachen, um sie f\u00fcr immer zu beseitigen.<\/p>\n\n\n\n<p class=\"has-medium-font-size\">Wir von Ordenamigas m\u00f6chten Ihnen helfen, den Desinfektionsprozess effizient zu gestalten, um einen erneuten Befall zu vermeiden und eine schnellere Genesung f\u00fcr die ganze Familie oder das Arbeitsteam zu erm\u00f6glichen.<\/p>\n\n\n\n<h2 class=\"wp-block-heading\"><strong>Warum ist Ordnung der Schl\u00fcssel zur Beseitigung der Kr\u00e4tze?<\/strong><\/h2>\n\n\n\n<p class=\"has-medium-font-size\">Kr\u00e4tze wird durch eine Milbe verursacht, die auf Stoffen, M\u00f6beln und pers\u00f6nlichen Gegenst\u00e4nden \u00fcberlebt. Ein unordentlicher Raum erschwert die Beseitigung der Kr\u00e4tze, da sich die Milben noch auf Bettw\u00e4sche, Sofas oder sogar auf B\u00fcrom\u00f6beln befinden k\u00f6nnen.<\/p>\n\n\n\n<p class=\"has-medium-font-size\">Der Schl\u00fcssel? Ein abgestuftes Reinigungsprotokoll, das Hausstaubmilben wirksam beseitigt, ohne zu einem chaotischen Durcheinander zu werden.<\/p>\n\n\n\n<hr class=\"wp-block-separator has-alpha-channel-opacity\"\/>\n\n\n\n<h2 class=\"wp-block-heading\"><strong>SCHRITTE F\u00dcR EINE ORGANISIERTE UND WIRKSAME S\u00c4UBERUNG<\/strong><\/h2>\n\n\n\n<h3 class=\"wp-block-heading\">\ud83c\udfe0 Zu Hause: Waschen und Desinfizieren in homogenen Gruppen<\/h3>\n\n\n\n<p class=\"has-medium-font-size\">Um die Ausbreitung von Milben zu verhindern, sollten Sie Kleidung und Textilien in Kategorien einteilen und in getrennten Waschg\u00e4ngen waschen:<\/p>\n\n\n\n<p class=\"has-medium-font-size\">\u2714 Bettw\u00e4sche und Schlafanz\u00fcge \u2192 Bei 60\u00b0C waschen und warm im W\u00e4schetrockner oder in der Sonne trocknen.<br>\u2714 Alltags- und Schulkleidung \u2192 Bei gleicher Temperatur waschen und bis zum Gebrauch in verschlossenen Beuteln aufbewahren.<br>\u2714 Handt\u00fccher und Badetextilien \u2192 T\u00e4glich austauschen und bei 60\u00b0C waschen.<br>\u2714 Polsterm\u00f6bel und Sofas \u2192 Mit HEPA-Filter staubsaugen und hei\u00dfen Dampf anwenden.<br>\u2714 Pl\u00fcschtiere und Kissen \u2192 in Beutel stecken und 48 Stunden lang einfrieren, wenn sie nicht bei hoher Temperatur gewaschen werden k\u00f6nnen.<\/p>\n\n\n\n<p class=\"has-medium-font-size\">\ud83d\udce6 Extra-Tipp: Bewahren Sie saubere Kleidung in luftdichten Beuteln auf, bis der Befall vollst\u00e4ndig verschwunden ist.<\/p>\n\n\n\n<hr class=\"wp-block-separator has-alpha-channel-opacity\"\/>\n\n\n\n<h3 class=\"wp-block-heading\">\ud83c\udfe2 Im B\u00fcro: Die Vermeidung von Spillover ist entscheidend<\/h3>\n\n\n\n<p class=\"has-medium-font-size\">Kr\u00e4tze kann auch an Arbeitspl\u00e4tzen auftreten, insbesondere in Gemeinschaftsb\u00fcros, Umkleider\u00e4umen oder Bereichen mit Sofas und Teppichen. Um eine Infektion zu verhindern:<\/p>\n\n\n\n<p class=\"has-medium-font-size\">\u2714 Vermeiden Sie die gemeinsame Nutzung von Schals, M\u00e4nteln oder Kopfh\u00f6rern.<br>\u2714 Desinfizieren Sie Tastaturen, St\u00fchle und Schreibtische mit speziellen Produkten.<br>\u2714 Waschen Sie Ihre Arbeitskleidung h\u00e4ufig.<br>\u2714 L\u00fcften Sie die B\u00fcros t\u00e4glich, um die Feuchtigkeit zu reduzieren.<\/p>\n\n\n\n<p class=\"has-medium-font-size\">Ist ein Arbeitnehmer betroffen, ist es wichtig, vorbeugende Ma\u00dfnahmen zu ergreifen, um eine Ausbreitung am Arbeitsplatz zu verhindern.<\/p>\n\n\n\n<hr class=\"wp-block-separator has-alpha-channel-opacity\"\/>\n\n\n\n<h2 class=\"wp-block-heading\"><strong>Wie kann man sicherstellen, dass die Kr\u00e4tze vollst\u00e4ndig verschwindet?<\/strong><\/h2>\n\n\n\n<p class=\"has-medium-font-size\">\u2714 Halten Sie Ihr Zuhause und Ihr B\u00fcro f\u00fcr eine effektive Reinigung sauber.<br>\u2714 Tragen Sie beim Umgang mit befallener Kleidung Handschuhe und geben Sie sie direkt in die Waschmaschine.<br>\u2714 Saugen Sie Matratzen, Sofas und Teppiche t\u00e4glich.<br>\u2714 Verwenden Sie die vorgeschriebenen medizinischen Behandlungen und befolgen Sie die Anweisungen des Spezialisten.<\/p>\n\n\n\n<hr class=\"wp-block-separator has-alpha-channel-opacity\"\/>\n\n\n\n<p class=\"has-medium-font-size\">\u2728 Ordnung verbessert nicht nur Ihr Wohlbefinden, sondern ist auch der Schl\u00fcssel zur Beseitigung von Gesundheitsproblemen. Wenn Sie Hilfe brauchen, um Ihre Wohnung oder Ihr B\u00fcro zu organisieren und den Reinigungsprozess effizienter zu gestalten, sind wir von Ordenamigas f\u00fcr Sie da.<\/p>\n\n\n\n<p class=\"has-medium-font-size\">\ud83d\udce9 Wenden Sie sich an uns, wenn Sie weitere Informationen w\u00fcnschen, und gewinnen Sie Ihren Seelenfrieden in Ihrem Raum zur\u00fcck.<\/p>\n\n\n\n<p class=\"has-medium-font-size\">\ud83d\udc69\u200d\ud83d\udcbb Ordenamigas &#8211; Organisation f\u00fcr ein ges\u00fcnderes und harmonischeres Leben.<\/p>\n\n\n\n<p><\/p>\n","protected":false},"excerpt":{"rendered":"<p>\ud83e\udda0 Die Kr\u00e4tze ist auf den Balearen auf dem Vormarsch, und viele Familien und Unternehmen sind auf der Suche nach wirksamen L\u00f6sungen f\u00fcr ihre Bek\u00e4mpfung. Wir wissen, dass diese Krankheit&hellip;<\/p>\n","protected":false},"author":1,"featured_media":23366,"comment_status":"open","ping_status":"open","sticky":false,"template":"","format":"standard","meta":{"footnotes":""},"categories":[223],"tags":[],"class_list":["post-24276","post","type-post","status-publish","format-standard","has-post-thumbnail","hentry","category-publicacion-de"],"yoast_head":"<!-- This site is optimized with the Yoast SEO plugin v24.7 - https:\/\/yoast.com\/wordpress\/plugins\/seo\/ -->\n<title>Ordnung und Sauberkeit: das A und O in Wohnung und B\u00fcro - Ordenamigas<\/title>\n<meta name=\"robots\" content=\"index, follow, max-snippet:-1, max-image-preview:large, max-video-preview:-1\" \/>\n<link rel=\"canonical\" href=\"https:\/\/ordenamigas.es\/de\/ordnung-und-sauberkeit-das-a-und-o-in-wohnung-und-buero\/\" \/>\n<meta property=\"og:locale\" content=\"de_DE\" \/>\n<meta property=\"og:type\" content=\"article\" \/>\n<meta property=\"og:title\" content=\"Ordnung und Sauberkeit: das A und O in Wohnung und B\u00fcro - Ordenamigas\" \/>\n<meta property=\"og:description\" content=\"\ud83e\udda0 Die Kr\u00e4tze ist auf den Balearen auf dem Vormarsch, und viele Familien und Unternehmen sind auf der Suche nach wirksamen L\u00f6sungen f\u00fcr ihre Bek\u00e4mpfung. Wir wissen, dass diese Krankheit&hellip;\" \/>\n<meta property=\"og:url\" content=\"https:\/\/ordenamigas.es\/de\/ordnung-und-sauberkeit-das-a-und-o-in-wohnung-und-buero\/\" \/>\n<meta property=\"og:site_name\" content=\"Ordenamigas\" \/>\n<meta property=\"article:published_time\" content=\"2025-05-09T12:02:06+00:00\" \/>\n<meta property=\"article:modified_time\" content=\"2025-05-20T10:12:29+00:00\" \/>\n<meta property=\"og:image\" content=\"https:\/\/ordenamigas.es\/wp-content\/uploads\/2025\/05\/orden-y-limpieza.jpg\" \/>\n\t<meta property=\"og:image:width\" content=\"1999\" \/>\n\t<meta property=\"og:image:height\" content=\"1999\" \/>\n\t<meta property=\"og:image:type\" content=\"image\/jpeg\" \/>\n<meta name=\"author\" content=\"indigenasdigitales\" \/>\n<meta name=\"twitter:card\" content=\"summary_large_image\" \/>\n<meta name=\"twitter:creator\" content=\"@info@ordenamigas.es\" \/>\n<meta name=\"twitter:label1\" content=\"Verfasst von\" \/>\n\t<meta name=\"twitter:data1\" content=\"indigenasdigitales\" \/>\n\t<meta name=\"twitter:label2\" content=\"Gesch\u00e4tzte Lesezeit\" \/>\n\t<meta name=\"twitter:data2\" content=\"3\u00a0Minuten\" \/>\n<script type=\"application\/ld+json\" class=\"yoast-schema-graph\">{\"@context\":\"https:\/\/schema.org\",\"@graph\":[{\"@type\":\"Article\",\"@id\":\"https:\/\/ordenamigas.es\/de\/ordnung-und-sauberkeit-das-a-und-o-in-wohnung-und-buero\/#article\",\"isPartOf\":{\"@id\":\"https:\/\/ordenamigas.es\/de\/ordnung-und-sauberkeit-das-a-und-o-in-wohnung-und-buero\/\"},\"author\":{\"name\":\"indigenasdigitales\",\"@id\":\"https:\/\/ordenamigas.es\/de\/#\/schema\/person\/8bd3197384f1474b1dae3c9b755df1eb\"},\"headline\":\"Ordnung und Sauberkeit: das A und O in Wohnung und B\u00fcro\",\"datePublished\":\"2025-05-09T12:02:06+00:00\",\"dateModified\":\"2025-05-20T10:12:29+00:00\",\"mainEntityOfPage\":{\"@id\":\"https:\/\/ordenamigas.es\/de\/ordnung-und-sauberkeit-das-a-und-o-in-wohnung-und-buero\/\"},\"wordCount\":539,\"commentCount\":0,\"publisher\":{\"@id\":\"https:\/\/ordenamigas.es\/de\/#organization\"},\"image\":{\"@id\":\"https:\/\/ordenamigas.es\/de\/ordnung-und-sauberkeit-das-a-und-o-in-wohnung-und-buero\/#primaryimage\"},\"thumbnailUrl\":\"https:\/\/ordenamigas.es\/wp-content\/uploads\/2025\/05\/orden-y-limpieza.jpg\",\"articleSection\":[\"Ver\u00f6ffentlichung\"],\"inLanguage\":\"de\",\"potentialAction\":[{\"@type\":\"CommentAction\",\"name\":\"Comment\",\"target\":[\"https:\/\/ordenamigas.es\/de\/ordnung-und-sauberkeit-das-a-und-o-in-wohnung-und-buero\/#respond\"]}]},{\"@type\":\"WebPage\",\"@id\":\"https:\/\/ordenamigas.es\/de\/ordnung-und-sauberkeit-das-a-und-o-in-wohnung-und-buero\/\",\"url\":\"https:\/\/ordenamigas.es\/de\/ordnung-und-sauberkeit-das-a-und-o-in-wohnung-und-buero\/\",\"name\":\"Ordnung und Sauberkeit: das A und O in Wohnung und B\u00fcro - Ordenamigas\",\"isPartOf\":{\"@id\":\"https:\/\/ordenamigas.es\/de\/#website\"},\"primaryImageOfPage\":{\"@id\":\"https:\/\/ordenamigas.es\/de\/ordnung-und-sauberkeit-das-a-und-o-in-wohnung-und-buero\/#primaryimage\"},\"image\":{\"@id\":\"https:\/\/ordenamigas.es\/de\/ordnung-und-sauberkeit-das-a-und-o-in-wohnung-und-buero\/#primaryimage\"},\"thumbnailUrl\":\"https:\/\/ordenamigas.es\/wp-content\/uploads\/2025\/05\/orden-y-limpieza.jpg\",\"datePublished\":\"2025-05-09T12:02:06+00:00\",\"dateModified\":\"2025-05-20T10:12:29+00:00\",\"breadcrumb\":{\"@id\":\"https:\/\/ordenamigas.es\/de\/ordnung-und-sauberkeit-das-a-und-o-in-wohnung-und-buero\/#breadcrumb\"},\"inLanguage\":\"de\",\"potentialAction\":[{\"@type\":\"ReadAction\",\"target\":[\"https:\/\/ordenamigas.es\/de\/ordnung-und-sauberkeit-das-a-und-o-in-wohnung-und-buero\/\"]}]},{\"@type\":\"ImageObject\",\"inLanguage\":\"de\",\"@id\":\"https:\/\/ordenamigas.es\/de\/ordnung-und-sauberkeit-das-a-und-o-in-wohnung-und-buero\/#primaryimage\",\"url\":\"https:\/\/ordenamigas.es\/wp-content\/uploads\/2025\/05\/orden-y-limpieza.jpg\",\"contentUrl\":\"https:\/\/ordenamigas.es\/wp-content\/uploads\/2025\/05\/orden-y-limpieza.jpg\",\"width\":1999,\"height\":1999,\"caption\":\"Orden Y Limpieza\"},{\"@type\":\"BreadcrumbList\",\"@id\":\"https:\/\/ordenamigas.es\/de\/ordnung-und-sauberkeit-das-a-und-o-in-wohnung-und-buero\/#breadcrumb\",\"itemListElement\":[{\"@type\":\"ListItem\",\"position\":1,\"name\":\"Portada\",\"item\":\"https:\/\/ordenamigas.es\/de\/\"},{\"@type\":\"ListItem\",\"position\":2,\"name\":\"Ordnung und Sauberkeit: das A und O in Wohnung und B\u00fcro\"}]},{\"@type\":\"WebSite\",\"@id\":\"https:\/\/ordenamigas.es\/de\/#website\",\"url\":\"https:\/\/ordenamigas.es\/de\/\",\"name\":\"Ordenamigas\",\"description\":\"B\u00fcro &amp; Zuhause auf Mallorca organisieren\",\"publisher\":{\"@id\":\"https:\/\/ordenamigas.es\/de\/#organization\"},\"potentialAction\":[{\"@type\":\"SearchAction\",\"target\":{\"@type\":\"EntryPoint\",\"urlTemplate\":\"https:\/\/ordenamigas.es\/de\/?s={search_term_string}\"},\"query-input\":{\"@type\":\"PropertyValueSpecification\",\"valueRequired\":true,\"valueName\":\"search_term_string\"}}],\"inLanguage\":\"de\"},{\"@type\":\"Organization\",\"@id\":\"https:\/\/ordenamigas.es\/de\/#organization\",\"name\":\"Ordenamigas\",\"url\":\"https:\/\/ordenamigas.es\/de\/\",\"logo\":{\"@type\":\"ImageObject\",\"inLanguage\":\"de\",\"@id\":\"https:\/\/ordenamigas.es\/de\/#\/schema\/logo\/image\/\",\"url\":\"https:\/\/ordenamigas.es\/wp-content\/uploads\/2025\/03\/logo-horizontal-ordenamigas.png\",\"contentUrl\":\"https:\/\/ordenamigas.es\/wp-content\/uploads\/2025\/03\/logo-horizontal-ordenamigas.png\",\"width\":1092,\"height\":347,\"caption\":\"Ordenamigas\"},\"image\":{\"@id\":\"https:\/\/ordenamigas.es\/de\/#\/schema\/logo\/image\/\"}},{\"@type\":\"Person\",\"@id\":\"https:\/\/ordenamigas.es\/de\/#\/schema\/person\/8bd3197384f1474b1dae3c9b755df1eb\",\"name\":\"indigenasdigitales\",\"image\":{\"@type\":\"ImageObject\",\"inLanguage\":\"de\",\"@id\":\"https:\/\/ordenamigas.es\/de\/#\/schema\/person\/image\/\",\"url\":\"https:\/\/secure.gravatar.com\/avatar\/83eb1ae29e58d16f3871ea906f41414c43de0ff1b3cc5973860fa5954041ad5d?s=96&d=mm&r=g\",\"contentUrl\":\"https:\/\/secure.gravatar.com\/avatar\/83eb1ae29e58d16f3871ea906f41414c43de0ff1b3cc5973860fa5954041ad5d?s=96&d=mm&r=g\",\"caption\":\"indigenasdigitales\"},\"sameAs\":[\"https:\/\/ordenamigas.es\",\"https:\/\/x.com\/info@ordenamigas.es\"],\"url\":\"https:\/\/ordenamigas.es\/de\/author\/indigenasdigitales\/\"}]}<\/script>\n<!-- \/ Yoast SEO plugin. -->","yoast_head_json":{"title":"Ordnung und Sauberkeit: das A und O in Wohnung und B\u00fcro - Ordenamigas","robots":{"index":"index","follow":"follow","max-snippet":"max-snippet:-1","max-image-preview":"max-image-preview:large","max-video-preview":"max-video-preview:-1"},"canonical":"https:\/\/ordenamigas.es\/de\/ordnung-und-sauberkeit-das-a-und-o-in-wohnung-und-buero\/","og_locale":"de_DE","og_type":"article","og_title":"Ordnung und Sauberkeit: das A und O in Wohnung und B\u00fcro - Ordenamigas","og_description":"\ud83e\udda0 Die Kr\u00e4tze ist auf den Balearen auf dem Vormarsch, und viele Familien und Unternehmen sind auf der Suche nach wirksamen L\u00f6sungen f\u00fcr ihre Bek\u00e4mpfung. Wir wissen, dass diese Krankheit&hellip;","og_url":"https:\/\/ordenamigas.es\/de\/ordnung-und-sauberkeit-das-a-und-o-in-wohnung-und-buero\/","og_site_name":"Ordenamigas","article_published_time":"2025-05-09T12:02:06+00:00","article_modified_time":"2025-05-20T10:12:29+00:00","og_image":[{"width":1999,"height":1999,"url":"https:\/\/ordenamigas.es\/wp-content\/uploads\/2025\/05\/orden-y-limpieza.jpg","type":"image\/jpeg"}],"author":"indigenasdigitales","twitter_card":"summary_large_image","twitter_creator":"@info@ordenamigas.es","twitter_misc":{"Verfasst von":"indigenasdigitales","Gesch\u00e4tzte Lesezeit":"3\u00a0Minuten"},"schema":{"@context":"https:\/\/schema.org","@graph":[{"@type":"Article","@id":"https:\/\/ordenamigas.es\/de\/ordnung-und-sauberkeit-das-a-und-o-in-wohnung-und-buero\/#article","isPartOf":{"@id":"https:\/\/ordenamigas.es\/de\/ordnung-und-sauberkeit-das-a-und-o-in-wohnung-und-buero\/"},"author":{"name":"indigenasdigitales","@id":"https:\/\/ordenamigas.es\/de\/#\/schema\/person\/8bd3197384f1474b1dae3c9b755df1eb"},"headline":"Ordnung und Sauberkeit: das A und O in Wohnung und B\u00fcro","datePublished":"2025-05-09T12:02:06+00:00","dateModified":"2025-05-20T10:12:29+00:00","mainEntityOfPage":{"@id":"https:\/\/ordenamigas.es\/de\/ordnung-und-sauberkeit-das-a-und-o-in-wohnung-und-buero\/"},"wordCount":539,"commentCount":0,"publisher":{"@id":"https:\/\/ordenamigas.es\/de\/#organization"},"image":{"@id":"https:\/\/ordenamigas.es\/de\/ordnung-und-sauberkeit-das-a-und-o-in-wohnung-und-buero\/#primaryimage"},"thumbnailUrl":"https:\/\/ordenamigas.es\/wp-content\/uploads\/2025\/05\/orden-y-limpieza.jpg","articleSection":["Ver\u00f6ffentlichung"],"inLanguage":"de","potentialAction":[{"@type":"CommentAction","name":"Comment","target":["https:\/\/ordenamigas.es\/de\/ordnung-und-sauberkeit-das-a-und-o-in-wohnung-und-buero\/#respond"]}]},{"@type":"WebPage","@id":"https:\/\/ordenamigas.es\/de\/ordnung-und-sauberkeit-das-a-und-o-in-wohnung-und-buero\/","url":"https:\/\/ordenamigas.es\/de\/ordnung-und-sauberkeit-das-a-und-o-in-wohnung-und-buero\/","name":"Ordnung und Sauberkeit: das A und O in Wohnung und B\u00fcro - Ordenamigas","isPartOf":{"@id":"https:\/\/ordenamigas.es\/de\/#website"},"primaryImageOfPage":{"@id":"https:\/\/ordenamigas.es\/de\/ordnung-und-sauberkeit-das-a-und-o-in-wohnung-und-buero\/#primaryimage"},"image":{"@id":"https:\/\/ordenamigas.es\/de\/ordnung-und-sauberkeit-das-a-und-o-in-wohnung-und-buero\/#primaryimage"},"thumbnailUrl":"https:\/\/ordenamigas.es\/wp-content\/uploads\/2025\/05\/orden-y-limpieza.jpg","datePublished":"2025-05-09T12:02:06+00:00","dateModified":"2025-05-20T10:12:29+00:00","breadcrumb":{"@id":"https:\/\/ordenamigas.es\/de\/ordnung-und-sauberkeit-das-a-und-o-in-wohnung-und-buero\/#breadcrumb"},"inLanguage":"de","potentialAction":[{"@type":"ReadAction","target":["https:\/\/ordenamigas.es\/de\/ordnung-und-sauberkeit-das-a-und-o-in-wohnung-und-buero\/"]}]},{"@type":"ImageObject","inLanguage":"de","@id":"https:\/\/ordenamigas.es\/de\/ordnung-und-sauberkeit-das-a-und-o-in-wohnung-und-buero\/#primaryimage","url":"https:\/\/ordenamigas.es\/wp-content\/uploads\/2025\/05\/orden-y-limpieza.jpg","contentUrl":"https:\/\/ordenamigas.es\/wp-content\/uploads\/2025\/05\/orden-y-limpieza.jpg","width":1999,"height":1999,"caption":"Orden Y Limpieza"},{"@type":"BreadcrumbList","@id":"https:\/\/ordenamigas.es\/de\/ordnung-und-sauberkeit-das-a-und-o-in-wohnung-und-buero\/#breadcrumb","itemListElement":[{"@type":"ListItem","position":1,"name":"Portada","item":"https:\/\/ordenamigas.es\/de\/"},{"@type":"ListItem","position":2,"name":"Ordnung und Sauberkeit: das A und O in Wohnung und B\u00fcro"}]},{"@type":"WebSite","@id":"https:\/\/ordenamigas.es\/de\/#website","url":"https:\/\/ordenamigas.es\/de\/","name":"Ordenamigas","description":"B\u00fcro &amp; Zuhause auf Mallorca organisieren","publisher":{"@id":"https:\/\/ordenamigas.es\/de\/#organization"},"potentialAction":[{"@type":"SearchAction","target":{"@type":"EntryPoint","urlTemplate":"https:\/\/ordenamigas.es\/de\/?s={search_term_string}"},"query-input":{"@type":"PropertyValueSpecification","valueRequired":true,"valueName":"search_term_string"}}],"inLanguage":"de"},{"@type":"Organization","@id":"https:\/\/ordenamigas.es\/de\/#organization","name":"Ordenamigas","url":"https:\/\/ordenamigas.es\/de\/","logo":{"@type":"ImageObject","inLanguage":"de","@id":"https:\/\/ordenamigas.es\/de\/#\/schema\/logo\/image\/","url":"https:\/\/ordenamigas.es\/wp-content\/uploads\/2025\/03\/logo-horizontal-ordenamigas.png","contentUrl":"https:\/\/ordenamigas.es\/wp-content\/uploads\/2025\/03\/logo-horizontal-ordenamigas.png","width":1092,"height":347,"caption":"Ordenamigas"},"image":{"@id":"https:\/\/ordenamigas.es\/de\/#\/schema\/logo\/image\/"}},{"@type":"Person","@id":"https:\/\/ordenamigas.es\/de\/#\/schema\/person\/8bd3197384f1474b1dae3c9b755df1eb","name":"indigenasdigitales","image":{"@type":"ImageObject","inLanguage":"de","@id":"https:\/\/ordenamigas.es\/de\/#\/schema\/person\/image\/","url":"https:\/\/secure.gravatar.com\/avatar\/83eb1ae29e58d16f3871ea906f41414c43de0ff1b3cc5973860fa5954041ad5d?s=96&d=mm&r=g","contentUrl":"https:\/\/secure.gravatar.com\/avatar\/83eb1ae29e58d16f3871ea906f41414c43de0ff1b3cc5973860fa5954041ad5d?s=96&d=mm&r=g","caption":"indigenasdigitales"},"sameAs":["https:\/\/ordenamigas.es","https:\/\/x.com\/info@ordenamigas.es"],"url":"https:\/\/ordenamigas.es\/de\/author\/indigenasdigitales\/"}]}},"_links":{"self":[{"href":"https:\/\/ordenamigas.es\/de\/wp-json\/wp\/v2\/posts\/24276","targetHints":{"allow":["GET"]}}],"collection":[{"href":"https:\/\/ordenamigas.es\/de\/wp-json\/wp\/v2\/posts"}],"about":[{"href":"https:\/\/ordenamigas.es\/de\/wp-json\/wp\/v2\/types\/post"}],"author":[{"embeddable":true,"href":"https:\/\/ordenamigas.es\/de\/wp-json\/wp\/v2\/users\/1"}],"replies":[{"embeddable":true,"href":"https:\/\/ordenamigas.es\/de\/wp-json\/wp\/v2\/comments?post=24276"}],"version-history":[{"count":1,"href":"https:\/\/ordenamigas.es\/de\/wp-json\/wp\/v2\/posts\/24276\/revisions"}],"predecessor-version":[{"id":24278,"href":"https:\/\/ordenamigas.es\/de\/wp-json\/wp\/v2\/posts\/24276\/revisions\/24278"}],"wp:featuredmedia":[{"embeddable":true,"href":"https:\/\/ordenamigas.es\/de\/wp-json\/wp\/v2\/media\/23366"}],"wp:attachment":[{"href":"https:\/\/ordenamigas.es\/de\/wp-json\/wp\/v2\/media?parent=24276"}],"wp:term":[{"taxonomy":"category","embeddable":true,"href":"https:\/\/ordenamigas.es\/de\/wp-json\/wp\/v2\/categories?post=24276"},{"taxonomy":"post_tag","embeddable":true,"href":"https:\/\/ordenamigas.es\/de\/wp-json\/wp\/v2\/tags?post=24276"}],"curies":[{"name":"wp","href":"https:\/\/api.w.org\/{rel}","templated":true}]}}