{"id":24285,"date":"2025-05-09T13:57:44","date_gmt":"2025-05-09T11:57:44","guid":{"rendered":"https:\/\/ordenamigas.es\/el-desorden-y-las-emociones-como-tu-espacio-refleja-tu-mundo-interior\/"},"modified":"2025-05-20T12:25:57","modified_gmt":"2025-05-20T10:25:57","slug":"unordnung-und-emotionen","status":"publish","type":"post","link":"https:\/\/ordenamigas.es\/de\/unordnung-und-emotionen\/","title":{"rendered":"Unordnung und Emotionen: Wie Ihr Raum Ihre innere Welt widerspiegelt"},"content":{"rendered":"\n<h2 class=\"wp-block-heading\"><strong>Einf\u00fchrung<\/strong><\/h2>\n\n\n\n<p class=\"has-medium-font-size\">Hatten Sie schon einmal das Gef\u00fchl, dass die Unordnung in Ihrer Wohnung Sie \u00fcberw\u00e4ltigt, oder dass Sie ein gro\u00dfes Gef\u00fchl der Erleichterung versp\u00fcren, wenn Sie einen Raum aufr\u00e4umen und ordnen? Die Beziehung zwischen Ordnung und Geist ist kein Zufall: Unsere physische Umgebung hat einen direkten Einfluss auf unsere Gef\u00fchle, unsere Produktivit\u00e4t und unser Wohlbefinden.<\/p>\n\n\n\n<p class=\"has-medium-font-size\">Zahlreiche Studien haben gezeigt, dass eine unaufger\u00e4umte Wohnung Stress, \u00c4ngste und sogar Depressionen verst\u00e4rken kann. Unordnung ist nicht nur eine Anh\u00e4ufung von Dingen, sie ist oft auch Ausdruck eines unordentlichen Geistes.<\/p>\n\n\n\n<p class=\"has-medium-font-size\">In diesem Artikel untersuchen wir den Zusammenhang zwischen Unordnung und emotionalem Zustand, mit psychologischen Untersuchungen, Fallstudien und Tipps zur Verbesserung Ihres Wohlbefindens durch Ordnung.<\/p>\n\n\n\n<h2 class=\"wp-block-heading\">1 Warum beeintr\u00e4chtigt eine St\u00f6rung unsere psychische Gesundheit?<\/h2>\n\n\n\n<h3 class=\"wp-block-heading\">1.1 Die Wissenschaft hinter St\u00f6rungen und \u00c4ngsten<\/h3>\n\n\n\n<p class=\"has-medium-font-size\">Forschungen des Princeton Neuroscience Institute haben ergeben, dass Unordnung das Gehirn \u00fcberlastet, die Konzentration erschwert und den Cortisolspiegel (Stresshormon) erh\u00f6ht. Unser Gehirn ist darauf ausgelegt, Ordnung und Harmonie zu verarbeiten. Ein chaotischer Raum f\u00fchrt also zu geistiger Erm\u00fcdung und einem Gef\u00fchl des inneren Chaos.<\/p>\n\n\n\n<h3 class=\"wp-block-heading\">1.2 Emotionale Auswirkungen der St\u00f6rung<\/h3>\n\n\n\n<p class=\"has-medium-font-size\">Laut einer Studie der University of California haben Menschen, die ihr Zuhause als &#8220;unordentlich&#8221; oder &#8220;chaotisch&#8221; beschreiben, ein h\u00f6heres Stressniveau als diejenigen, die es als &#8220;entspannend&#8221; oder &#8220;organisiert&#8221; empfinden.<\/p>\n\n\n\n<p class=\"has-medium-font-size\">Unordnung kann zu:<br>\u2705 Stress und Unruhe.<br>Schuldgef\u00fchlen oder Frustration.<br>\u2705 Schwierigkeiten, Entscheidungen zu treffen.<br>\u2705 Probleme mit Produktivit\u00e4t und Konzentration.<br>\u2705 Belastete famili\u00e4re Beziehungen.<\/p>\n\n\n\n<p class=\"has-medium-font-size\">Oft sammeln wir Gegenst\u00e4nde aus emotionaler Verbundenheit oder aus Angst, vergangene Erinnerungen loszulassen, die mit Unsicherheiten oder ungel\u00f6sten Traumata zusammenh\u00e4ngen k\u00f6nnen.<\/p>\n\n\n\n<h2 class=\"wp-block-heading\">2. <strong>Wie ist eine Person mit einem unordentlichen Zuhause?<\/strong><\/h2>\n\n\n\n<p class=\"has-medium-font-size\">Obwohl jeder Fall einzigartig ist, kann die St\u00f6rung Aspekte der Pers\u00f6nlichkeit und des emotionalen Zustands einer Person widerspiegeln:<\/p>\n\n\n\n<p class=\"has-medium-font-size\">\ud83d\udd39<strong>Menschen mit Angst oder Stress:<\/strong> Sie neigen dazu, Dinge anzuh\u00e4ufen, weil sie glauben, dass sie sie in der Zukunft brauchen k\u00f6nnten, aber das verst\u00e4rkt nur das Gef\u00fchl, keine Kontrolle zu haben.<br>\ud83d\udd39 <strong>Menschen mit Depressionen:<\/strong> Sie k\u00f6nnen das Interesse daran verlieren, ihre Umgebung in Ordnung zu halten, da Energie- und Motivationsmangel ihre F\u00e4higkeit zur Organisation beeintr\u00e4chtigen.<br>\ud83d\udd39 <strong>Kreative Menschen:<\/strong> Manchmal ist Unordnung eine Form der visuellen Stimulation, obwohl ein Zuviel davon zu geistiger Zerstreuung f\u00fchren kann.<br>\ud83d\udd39 <strong>Menschen mit Bindungsproblemen:<\/strong> Es f\u00e4llt ihnen schwer, Objekte loszulassen, da sie sie mit intensiven emotionalen Erinnerungen verbinden.<\/p>\n\n\n\n<p class=\"has-medium-font-size\">Wenn Sie eines dieser Muster bei sich feststellen, machen Sie sich keine Sorgen: Ordnung ist ein wirksames Mittel zur Verbesserung der emotionalen Gesundheit.<\/p>\n\n\n\n<h2 class=\"wp-block-heading\"><strong>3. <a href=\"Fallstudien: Wenn Bestellungen das Leben ver\u00e4ndern\">Fallstudien: Wenn Bestellungen das Leben ver\u00e4ndern<\/a><\/strong><\/h2>\n\n\n\n<p class=\"has-medium-font-size\">\ud83d\udd38 <strong>Fall 1: Von der Angst zum Gleichgewicht<br><\/strong>Maria, eine 38-j\u00e4hrige Gesch\u00e4ftsfrau, f\u00fchlte sich geistig ersch\u00f6pft. Als wir ihr Zuhause analysierten, stellten wir fest, dass ihre Unordnung ihre Arbeit und emotionale Belastung widerspiegelte. Wir f\u00fchrten ein zoniertes Ordnungssystem ein und lehrten sie, wie sie Unn\u00f6tiges loswerden konnte. Das Ergebnis? Sie f\u00fchlte sich leichter, konzentrierter und hatte mehr innere Ruhe.<\/p>\n\n\n\n<p class=\"has-medium-font-size\">\ud83d\udd38 <strong>Fall 2: Die Familie und das h\u00e4usliche Chaos<br><\/strong>Pilar, Mutter eines kleinen M\u00e4dchens, war st\u00e4ndig gestresst, weil in ihrem Haus Chaos herrschte. Sie fand keine Zeit zum Organisieren und die Anh\u00e4ufung von Dingen f\u00fchrte zu Spannungen in der Familie. Wir wandten Techniken zur Familienorganisation an und schufen nachhaltige Routinen. Jetzt ist ihr Zuhause harmonischer, und auch ihre Tochter hat gute Gewohnheiten gelernt.<\/p>\n\n\n\n<h2 class=\"wp-block-heading\"><strong>4. Wie Ordnung Gef\u00fchle heilen und die Lebensqualit\u00e4t verbessern kann<\/strong><\/h2>\n\n\n\n<p class=\"has-medium-font-size\">Organisation ist nicht nur eine \u00e4sthetische Angelegenheit, sondern auch ein therapeutisches Mittel. Hier sind einige bew\u00e4hrte Vorteile:<\/p>\n\n\n\n<p class=\"has-medium-font-size\">\ud83e\uddd8 <strong>Reduziert Stress und \u00c4ngste:<\/strong> Ein aufger\u00e4umter Raum sorgt f\u00fcr einen ruhigeren Geist.<br>\ud83d\udecc <strong>Bessere Erholung:<\/strong> Ein organisiertes Schlafzimmer f\u00f6rdert einen erholsamen Schlaf.<br>\ud83d\udcbc <strong>Steigert die Produktivit\u00e4t:<\/strong> Ein aufger\u00e4umter Schreibtisch verbessert die Konzentration und die Entscheidungsfindung.<br>\ud83d\udc68\u200d\ud83d\udc69\u200d\ud83d\udc67\u200d\ud83d\udc66 <strong>St\u00e4rkt die Familienbeziehungen:<\/strong> Ein organisierter Haushalt verringert Spannungen und Konflikte.<br>\u267b\ufe0f <strong>F\u00f6rdert die Nachhaltigkeit:<\/strong> Indem Sie unn\u00f6tigen Verbrauch reduzieren, leisten Sie einen Beitrag zum Umweltschutz.<\/p>\n\n\n\n<h2 class=\"wp-block-heading\"><strong>5. Wie Sie mit dem Aufr\u00e4umen beginnen, um Ihr Wohlbefinden zu verbessern<\/strong><\/h2>\n\n\n\n<p class=\"has-medium-font-size\">Wenn Sie Ihr emotionales Wohlbefinden durch Ordnung verbessern wollen, finden Sie hier einige praktische Tipps:<\/p>\n\n\n\n<p class=\"has-medium-font-size\">\ud83d\udcdd <strong>Erstellen Sie eine Liste der vorrangigen Bereiche:<\/strong> Beginnen Sie mit kleinen Bereichen und arbeiten Sie sich schrittweise nach oben.<br>\ud83d\udce6 <strong>Sortieren Sie Ihre Sachen:<\/strong> Verwenden Sie die 3-Stapel-Regel: behalten, spenden oder wegwerfen.<br>\ud83d\udd52 <strong>Nehmen Sie sich 15 Minuten pro Tag Zeit:<\/strong> Sie m\u00fcssen nicht alles an einem Tag erledigen; kleine Ver\u00e4nderungen bringen gro\u00dfe Ergebnisse.<br>\ud83d\udc68\u200d\ud83d\udc69\u200d\ud83d\udc67 <strong>Beziehen Sie Ihre Familie mit ein:<\/strong> Organisation ist eine Gewohnheit, die man teilen sollte.<br>\ud83d\udcc5 <strong>Schaffen Sie nachhaltige Routinen:<\/strong> Ordnung zu halten ist ein fortlaufender Prozess, kein einmaliges Ereignis.<\/p>\n\n\n\n<h2 class=\"wp-block-heading\"><strong>Fazit: Ordnung als Therapie f\u00fcr Geist und Seele<\/strong><\/h2>\n\n\n\n<p class=\"has-medium-font-size\">Unordnung und emotionaler Zustand sind eng miteinander verbunden. Ein chaotisches Zuhause kann innere Unruhe widerspiegeln, w\u00e4hrend ein organisierter Raum Ruhe und Wohlbefinden erzeugt. Der Schl\u00fcssel liegt darin, ein Gleichgewicht zu finden, das Ihnen hilft, Ihre Lebensqualit\u00e4t zu verbessern, ohne von Perfektion besessen zu sein.<\/p>\n\n\n\n<p class=\"has-medium-font-size\">Wir von Ordenamigas organisieren nicht nur R\u00e4ume, sondern helfen dabei, das Leben durch Ordnung zu ver\u00e4ndern. Wenn Sie sich leichter f\u00fchlen wollen, mit mehr Ruhe und neuer Energie, fangen Sie noch heute an! \ud83c\udf3f\u2728<\/p>\n\n\n\n<p class=\"has-medium-font-size\">\ud83d\udce9 <strong>Lassen Sie sich von uns pers\u00f6nlich beraten und entdecken Sie, wie Ordnung Ihr Leben verbessern kann.<\/strong><\/p>\n\n\n\n<p><\/p>\n","protected":false},"excerpt":{"rendered":"<p>Einf\u00fchrung Hatten Sie schon einmal das Gef\u00fchl, dass die Unordnung in Ihrer Wohnung Sie \u00fcberw\u00e4ltigt, oder dass Sie ein gro\u00dfes Gef\u00fchl der Erleichterung versp\u00fcren, wenn Sie einen Raum aufr\u00e4umen und&hellip;<\/p>\n","protected":false},"author":1,"featured_media":23358,"comment_status":"open","ping_status":"open","sticky":false,"template":"","format":"standard","meta":{"footnotes":""},"categories":[223],"tags":[],"class_list":["post-24285","post","type-post","status-publish","format-standard","has-post-thumbnail","hentry","category-publicacion-de"],"yoast_head":"<!-- This site is optimized with the Yoast SEO plugin v24.7 - https:\/\/yoast.com\/wordpress\/plugins\/seo\/ -->\n<title>Unordnung und Emotionen: Wie Ihr Raum Ihre innere Welt widerspiegelt - Ordenamigas<\/title>\n<meta name=\"robots\" content=\"index, follow, max-snippet:-1, max-image-preview:large, max-video-preview:-1\" \/>\n<link rel=\"canonical\" href=\"https:\/\/ordenamigas.es\/de\/unordnung-und-emotionen\/\" \/>\n<meta property=\"og:locale\" content=\"de_DE\" \/>\n<meta property=\"og:type\" content=\"article\" \/>\n<meta property=\"og:title\" content=\"Unordnung und Emotionen: Wie Ihr Raum Ihre innere Welt widerspiegelt - Ordenamigas\" \/>\n<meta property=\"og:description\" content=\"Einf\u00fchrung Hatten Sie schon einmal das Gef\u00fchl, dass die Unordnung in Ihrer Wohnung Sie \u00fcberw\u00e4ltigt, oder dass Sie ein gro\u00dfes Gef\u00fchl der Erleichterung versp\u00fcren, wenn Sie einen Raum aufr\u00e4umen und&hellip;\" \/>\n<meta property=\"og:url\" content=\"https:\/\/ordenamigas.es\/de\/unordnung-und-emotionen\/\" \/>\n<meta property=\"og:site_name\" content=\"Ordenamigas\" \/>\n<meta property=\"article:published_time\" content=\"2025-05-09T11:57:44+00:00\" \/>\n<meta property=\"article:modified_time\" content=\"2025-05-20T10:25:57+00:00\" \/>\n<meta property=\"og:image\" content=\"https:\/\/ordenamigas.es\/wp-content\/uploads\/2025\/05\/bloc-desorden.jpg\" \/>\n\t<meta property=\"og:image:width\" content=\"1920\" \/>\n\t<meta property=\"og:image:height\" content=\"1080\" \/>\n\t<meta property=\"og:image:type\" content=\"image\/jpeg\" \/>\n<meta name=\"author\" content=\"indigenasdigitales\" \/>\n<meta name=\"twitter:card\" content=\"summary_large_image\" \/>\n<meta name=\"twitter:creator\" content=\"@info@ordenamigas.es\" \/>\n<meta name=\"twitter:label1\" content=\"Verfasst von\" \/>\n\t<meta name=\"twitter:data1\" content=\"indigenasdigitales\" \/>\n\t<meta name=\"twitter:label2\" content=\"Gesch\u00e4tzte Lesezeit\" \/>\n\t<meta name=\"twitter:data2\" content=\"4\u00a0Minuten\" \/>\n<script type=\"application\/ld+json\" class=\"yoast-schema-graph\">{\"@context\":\"https:\/\/schema.org\",\"@graph\":[{\"@type\":\"Article\",\"@id\":\"https:\/\/ordenamigas.es\/de\/unordnung-und-emotionen\/#article\",\"isPartOf\":{\"@id\":\"https:\/\/ordenamigas.es\/de\/unordnung-und-emotionen\/\"},\"author\":{\"name\":\"indigenasdigitales\",\"@id\":\"https:\/\/ordenamigas.es\/de\/#\/schema\/person\/8bd3197384f1474b1dae3c9b755df1eb\"},\"headline\":\"Unordnung und Emotionen: Wie Ihr Raum Ihre innere Welt widerspiegelt\",\"datePublished\":\"2025-05-09T11:57:44+00:00\",\"dateModified\":\"2025-05-20T10:25:57+00:00\",\"mainEntityOfPage\":{\"@id\":\"https:\/\/ordenamigas.es\/de\/unordnung-und-emotionen\/\"},\"wordCount\":880,\"commentCount\":0,\"publisher\":{\"@id\":\"https:\/\/ordenamigas.es\/de\/#organization\"},\"image\":{\"@id\":\"https:\/\/ordenamigas.es\/de\/unordnung-und-emotionen\/#primaryimage\"},\"thumbnailUrl\":\"https:\/\/ordenamigas.es\/wp-content\/uploads\/2025\/05\/bloc-desorden.jpg\",\"articleSection\":[\"Ver\u00f6ffentlichung\"],\"inLanguage\":\"de\",\"potentialAction\":[{\"@type\":\"CommentAction\",\"name\":\"Comment\",\"target\":[\"https:\/\/ordenamigas.es\/de\/unordnung-und-emotionen\/#respond\"]}]},{\"@type\":\"WebPage\",\"@id\":\"https:\/\/ordenamigas.es\/de\/unordnung-und-emotionen\/\",\"url\":\"https:\/\/ordenamigas.es\/de\/unordnung-und-emotionen\/\",\"name\":\"Unordnung und Emotionen: Wie Ihr Raum Ihre innere Welt widerspiegelt - Ordenamigas\",\"isPartOf\":{\"@id\":\"https:\/\/ordenamigas.es\/de\/#website\"},\"primaryImageOfPage\":{\"@id\":\"https:\/\/ordenamigas.es\/de\/unordnung-und-emotionen\/#primaryimage\"},\"image\":{\"@id\":\"https:\/\/ordenamigas.es\/de\/unordnung-und-emotionen\/#primaryimage\"},\"thumbnailUrl\":\"https:\/\/ordenamigas.es\/wp-content\/uploads\/2025\/05\/bloc-desorden.jpg\",\"datePublished\":\"2025-05-09T11:57:44+00:00\",\"dateModified\":\"2025-05-20T10:25:57+00:00\",\"breadcrumb\":{\"@id\":\"https:\/\/ordenamigas.es\/de\/unordnung-und-emotionen\/#breadcrumb\"},\"inLanguage\":\"de\",\"potentialAction\":[{\"@type\":\"ReadAction\",\"target\":[\"https:\/\/ordenamigas.es\/de\/unordnung-und-emotionen\/\"]}]},{\"@type\":\"ImageObject\",\"inLanguage\":\"de\",\"@id\":\"https:\/\/ordenamigas.es\/de\/unordnung-und-emotionen\/#primaryimage\",\"url\":\"https:\/\/ordenamigas.es\/wp-content\/uploads\/2025\/05\/bloc-desorden.jpg\",\"contentUrl\":\"https:\/\/ordenamigas.es\/wp-content\/uploads\/2025\/05\/bloc-desorden.jpg\",\"width\":1920,\"height\":1080,\"caption\":\"Workplace Workspace Wooden Table Document Concept\"},{\"@type\":\"BreadcrumbList\",\"@id\":\"https:\/\/ordenamigas.es\/de\/unordnung-und-emotionen\/#breadcrumb\",\"itemListElement\":[{\"@type\":\"ListItem\",\"position\":1,\"name\":\"Portada\",\"item\":\"https:\/\/ordenamigas.es\/de\/\"},{\"@type\":\"ListItem\",\"position\":2,\"name\":\"Unordnung und Emotionen: Wie Ihr Raum Ihre innere Welt widerspiegelt\"}]},{\"@type\":\"WebSite\",\"@id\":\"https:\/\/ordenamigas.es\/de\/#website\",\"url\":\"https:\/\/ordenamigas.es\/de\/\",\"name\":\"Ordenamigas\",\"description\":\"B\u00fcro &amp; Zuhause auf Mallorca organisieren\",\"publisher\":{\"@id\":\"https:\/\/ordenamigas.es\/de\/#organization\"},\"potentialAction\":[{\"@type\":\"SearchAction\",\"target\":{\"@type\":\"EntryPoint\",\"urlTemplate\":\"https:\/\/ordenamigas.es\/de\/?s={search_term_string}\"},\"query-input\":{\"@type\":\"PropertyValueSpecification\",\"valueRequired\":true,\"valueName\":\"search_term_string\"}}],\"inLanguage\":\"de\"},{\"@type\":\"Organization\",\"@id\":\"https:\/\/ordenamigas.es\/de\/#organization\",\"name\":\"Ordenamigas\",\"url\":\"https:\/\/ordenamigas.es\/de\/\",\"logo\":{\"@type\":\"ImageObject\",\"inLanguage\":\"de\",\"@id\":\"https:\/\/ordenamigas.es\/de\/#\/schema\/logo\/image\/\",\"url\":\"https:\/\/ordenamigas.es\/wp-content\/uploads\/2025\/03\/logo-horizontal-ordenamigas.png\",\"contentUrl\":\"https:\/\/ordenamigas.es\/wp-content\/uploads\/2025\/03\/logo-horizontal-ordenamigas.png\",\"width\":1092,\"height\":347,\"caption\":\"Ordenamigas\"},\"image\":{\"@id\":\"https:\/\/ordenamigas.es\/de\/#\/schema\/logo\/image\/\"}},{\"@type\":\"Person\",\"@id\":\"https:\/\/ordenamigas.es\/de\/#\/schema\/person\/8bd3197384f1474b1dae3c9b755df1eb\",\"name\":\"indigenasdigitales\",\"image\":{\"@type\":\"ImageObject\",\"inLanguage\":\"de\",\"@id\":\"https:\/\/ordenamigas.es\/de\/#\/schema\/person\/image\/\",\"url\":\"https:\/\/secure.gravatar.com\/avatar\/83eb1ae29e58d16f3871ea906f41414c43de0ff1b3cc5973860fa5954041ad5d?s=96&d=mm&r=g\",\"contentUrl\":\"https:\/\/secure.gravatar.com\/avatar\/83eb1ae29e58d16f3871ea906f41414c43de0ff1b3cc5973860fa5954041ad5d?s=96&d=mm&r=g\",\"caption\":\"indigenasdigitales\"},\"sameAs\":[\"https:\/\/ordenamigas.es\",\"https:\/\/x.com\/info@ordenamigas.es\"],\"url\":\"https:\/\/ordenamigas.es\/de\/author\/indigenasdigitales\/\"}]}<\/script>\n<!-- \/ Yoast SEO plugin. -->","yoast_head_json":{"title":"Unordnung und Emotionen: Wie Ihr Raum Ihre innere Welt widerspiegelt - Ordenamigas","robots":{"index":"index","follow":"follow","max-snippet":"max-snippet:-1","max-image-preview":"max-image-preview:large","max-video-preview":"max-video-preview:-1"},"canonical":"https:\/\/ordenamigas.es\/de\/unordnung-und-emotionen\/","og_locale":"de_DE","og_type":"article","og_title":"Unordnung und Emotionen: Wie Ihr Raum Ihre innere Welt widerspiegelt - Ordenamigas","og_description":"Einf\u00fchrung Hatten Sie schon einmal das Gef\u00fchl, dass die Unordnung in Ihrer Wohnung Sie \u00fcberw\u00e4ltigt, oder dass Sie ein gro\u00dfes Gef\u00fchl der Erleichterung versp\u00fcren, wenn Sie einen Raum aufr\u00e4umen und&hellip;","og_url":"https:\/\/ordenamigas.es\/de\/unordnung-und-emotionen\/","og_site_name":"Ordenamigas","article_published_time":"2025-05-09T11:57:44+00:00","article_modified_time":"2025-05-20T10:25:57+00:00","og_image":[{"width":1920,"height":1080,"url":"https:\/\/ordenamigas.es\/wp-content\/uploads\/2025\/05\/bloc-desorden.jpg","type":"image\/jpeg"}],"author":"indigenasdigitales","twitter_card":"summary_large_image","twitter_creator":"@info@ordenamigas.es","twitter_misc":{"Verfasst von":"indigenasdigitales","Gesch\u00e4tzte Lesezeit":"4\u00a0Minuten"},"schema":{"@context":"https:\/\/schema.org","@graph":[{"@type":"Article","@id":"https:\/\/ordenamigas.es\/de\/unordnung-und-emotionen\/#article","isPartOf":{"@id":"https:\/\/ordenamigas.es\/de\/unordnung-und-emotionen\/"},"author":{"name":"indigenasdigitales","@id":"https:\/\/ordenamigas.es\/de\/#\/schema\/person\/8bd3197384f1474b1dae3c9b755df1eb"},"headline":"Unordnung und Emotionen: Wie Ihr Raum Ihre innere Welt widerspiegelt","datePublished":"2025-05-09T11:57:44+00:00","dateModified":"2025-05-20T10:25:57+00:00","mainEntityOfPage":{"@id":"https:\/\/ordenamigas.es\/de\/unordnung-und-emotionen\/"},"wordCount":880,"commentCount":0,"publisher":{"@id":"https:\/\/ordenamigas.es\/de\/#organization"},"image":{"@id":"https:\/\/ordenamigas.es\/de\/unordnung-und-emotionen\/#primaryimage"},"thumbnailUrl":"https:\/\/ordenamigas.es\/wp-content\/uploads\/2025\/05\/bloc-desorden.jpg","articleSection":["Ver\u00f6ffentlichung"],"inLanguage":"de","potentialAction":[{"@type":"CommentAction","name":"Comment","target":["https:\/\/ordenamigas.es\/de\/unordnung-und-emotionen\/#respond"]}]},{"@type":"WebPage","@id":"https:\/\/ordenamigas.es\/de\/unordnung-und-emotionen\/","url":"https:\/\/ordenamigas.es\/de\/unordnung-und-emotionen\/","name":"Unordnung und Emotionen: Wie Ihr Raum Ihre innere Welt widerspiegelt - Ordenamigas","isPartOf":{"@id":"https:\/\/ordenamigas.es\/de\/#website"},"primaryImageOfPage":{"@id":"https:\/\/ordenamigas.es\/de\/unordnung-und-emotionen\/#primaryimage"},"image":{"@id":"https:\/\/ordenamigas.es\/de\/unordnung-und-emotionen\/#primaryimage"},"thumbnailUrl":"https:\/\/ordenamigas.es\/wp-content\/uploads\/2025\/05\/bloc-desorden.jpg","datePublished":"2025-05-09T11:57:44+00:00","dateModified":"2025-05-20T10:25:57+00:00","breadcrumb":{"@id":"https:\/\/ordenamigas.es\/de\/unordnung-und-emotionen\/#breadcrumb"},"inLanguage":"de","potentialAction":[{"@type":"ReadAction","target":["https:\/\/ordenamigas.es\/de\/unordnung-und-emotionen\/"]}]},{"@type":"ImageObject","inLanguage":"de","@id":"https:\/\/ordenamigas.es\/de\/unordnung-und-emotionen\/#primaryimage","url":"https:\/\/ordenamigas.es\/wp-content\/uploads\/2025\/05\/bloc-desorden.jpg","contentUrl":"https:\/\/ordenamigas.es\/wp-content\/uploads\/2025\/05\/bloc-desorden.jpg","width":1920,"height":1080,"caption":"Workplace Workspace Wooden Table Document Concept"},{"@type":"BreadcrumbList","@id":"https:\/\/ordenamigas.es\/de\/unordnung-und-emotionen\/#breadcrumb","itemListElement":[{"@type":"ListItem","position":1,"name":"Portada","item":"https:\/\/ordenamigas.es\/de\/"},{"@type":"ListItem","position":2,"name":"Unordnung und Emotionen: Wie Ihr Raum Ihre innere Welt widerspiegelt"}]},{"@type":"WebSite","@id":"https:\/\/ordenamigas.es\/de\/#website","url":"https:\/\/ordenamigas.es\/de\/","name":"Ordenamigas","description":"B\u00fcro &amp; Zuhause auf Mallorca organisieren","publisher":{"@id":"https:\/\/ordenamigas.es\/de\/#organization"},"potentialAction":[{"@type":"SearchAction","target":{"@type":"EntryPoint","urlTemplate":"https:\/\/ordenamigas.es\/de\/?s={search_term_string}"},"query-input":{"@type":"PropertyValueSpecification","valueRequired":true,"valueName":"search_term_string"}}],"inLanguage":"de"},{"@type":"Organization","@id":"https:\/\/ordenamigas.es\/de\/#organization","name":"Ordenamigas","url":"https:\/\/ordenamigas.es\/de\/","logo":{"@type":"ImageObject","inLanguage":"de","@id":"https:\/\/ordenamigas.es\/de\/#\/schema\/logo\/image\/","url":"https:\/\/ordenamigas.es\/wp-content\/uploads\/2025\/03\/logo-horizontal-ordenamigas.png","contentUrl":"https:\/\/ordenamigas.es\/wp-content\/uploads\/2025\/03\/logo-horizontal-ordenamigas.png","width":1092,"height":347,"caption":"Ordenamigas"},"image":{"@id":"https:\/\/ordenamigas.es\/de\/#\/schema\/logo\/image\/"}},{"@type":"Person","@id":"https:\/\/ordenamigas.es\/de\/#\/schema\/person\/8bd3197384f1474b1dae3c9b755df1eb","name":"indigenasdigitales","image":{"@type":"ImageObject","inLanguage":"de","@id":"https:\/\/ordenamigas.es\/de\/#\/schema\/person\/image\/","url":"https:\/\/secure.gravatar.com\/avatar\/83eb1ae29e58d16f3871ea906f41414c43de0ff1b3cc5973860fa5954041ad5d?s=96&d=mm&r=g","contentUrl":"https:\/\/secure.gravatar.com\/avatar\/83eb1ae29e58d16f3871ea906f41414c43de0ff1b3cc5973860fa5954041ad5d?s=96&d=mm&r=g","caption":"indigenasdigitales"},"sameAs":["https:\/\/ordenamigas.es","https:\/\/x.com\/info@ordenamigas.es"],"url":"https:\/\/ordenamigas.es\/de\/author\/indigenasdigitales\/"}]}},"_links":{"self":[{"href":"https:\/\/ordenamigas.es\/de\/wp-json\/wp\/v2\/posts\/24285","targetHints":{"allow":["GET"]}}],"collection":[{"href":"https:\/\/ordenamigas.es\/de\/wp-json\/wp\/v2\/posts"}],"about":[{"href":"https:\/\/ordenamigas.es\/de\/wp-json\/wp\/v2\/types\/post"}],"author":[{"embeddable":true,"href":"https:\/\/ordenamigas.es\/de\/wp-json\/wp\/v2\/users\/1"}],"replies":[{"embeddable":true,"href":"https:\/\/ordenamigas.es\/de\/wp-json\/wp\/v2\/comments?post=24285"}],"version-history":[{"count":3,"href":"https:\/\/ordenamigas.es\/de\/wp-json\/wp\/v2\/posts\/24285\/revisions"}],"predecessor-version":[{"id":24291,"href":"https:\/\/ordenamigas.es\/de\/wp-json\/wp\/v2\/posts\/24285\/revisions\/24291"}],"wp:featuredmedia":[{"embeddable":true,"href":"https:\/\/ordenamigas.es\/de\/wp-json\/wp\/v2\/media\/23358"}],"wp:attachment":[{"href":"https:\/\/ordenamigas.es\/de\/wp-json\/wp\/v2\/media?parent=24285"}],"wp:term":[{"taxonomy":"category","embeddable":true,"href":"https:\/\/ordenamigas.es\/de\/wp-json\/wp\/v2\/categories?post=24285"},{"taxonomy":"post_tag","embeddable":true,"href":"https:\/\/ordenamigas.es\/de\/wp-json\/wp\/v2\/tags?post=24285"}],"curies":[{"name":"wp","href":"https:\/\/api.w.org\/{rel}","templated":true}]}}