{"id":24543,"date":"2025-05-09T14:02:06","date_gmt":"2025-05-09T12:02:06","guid":{"rendered":"https:\/\/ordenamigas.es\/orden-y-limpieza-claves-en-hogares-y-oficinas\/"},"modified":"2025-05-21T08:54:19","modified_gmt":"2025-05-21T06:54:19","slug":"ordre-et-proprete-les-cles-dans-les-maisons-et-kes-bureaux","status":"publish","type":"post","link":"https:\/\/ordenamigas.es\/fr\/ordre-et-proprete-les-cles-dans-les-maisons-et-kes-bureaux\/","title":{"rendered":"Ordre et propret\u00e9 : Les cl\u00e9s dans les maisons et les bureaux"},"content":{"rendered":"\n<p class=\"has-medium-font-size\">\ud83e\udda0 Les cas de gale sont en augmentation dans les \u00eeles Bal\u00e9ares, et de nombreuses familles et entreprises cherchent des solutions efficaces pour lutter contre cette maladie. Nous savons que cette affection peut \u00eatre g\u00eanante et persistante, mais une bonne strat\u00e9gie d&#8217;ordre et de nettoyage peut faire toute la diff\u00e9rence pour l&#8217;\u00e9liminer compl\u00e8tement.<\/p>\n\n\n\n<p class=\"has-medium-font-size\">Chez Ordenamigas, nous voulons vous aider \u00e0 organiser efficacement le processus de d\u00e9sinfection, en \u00e9vitant la r\u00e9infestation et en facilitant un r\u00e9tablissement plus rapide de votre famille ou de votre \u00e9quipe de travail.<\/p>\n\n\n\n<h2 class=\"wp-block-heading\"><strong>Pourquoi l&#8217;ordre est-il essentiel pour \u00e9liminer la gale ?<\/strong><\/h2>\n\n\n\n<p class=\"has-medium-font-size\">La gale est caus\u00e9e par un acarien qui survit sur les tissus, les meubles et les objets personnels. Un espace encombr\u00e9 rend l&#8217;\u00e9radication difficile car les acariens peuvent rester dans la literie, les canap\u00e9s ou m\u00eame la tapisserie du bureau.<\/p>\n\n\n\n<p class=\"has-medium-font-size\"><strong>La cl\u00e9 ?<\/strong> Un protocole de nettoyage organis\u00e9 en phases qui \u00e9limine efficacement les acariens sans devenir chaotique.<\/p>\n\n\n\n<hr class=\"wp-block-separator has-alpha-channel-opacity\"\/>\n\n\n\n<h2 class=\"wp-block-heading\"><strong>LES \u00c9TAPES D&#8217;UN NETTOYAGE ORGANIS\u00c9 ET EFFICACE<\/strong><\/h2>\n\n\n\n<h3 class=\"wp-block-heading\">\ud83c\udfe0 <strong>\u00c0 la maison : lavage et d\u00e9sinfection par groupes homog\u00e8nes<\/strong><\/h3>\n\n\n\n<p class=\"has-medium-font-size\">Pour \u00e9viter la propagation des acariens, classez les v\u00eatements et les textiles par cat\u00e9gories et lavez-les s\u00e9par\u00e9ment :<\/p>\n\n\n\n<p class=\"has-medium-font-size\">\u2714 Literie et pyjamas \u2192 Laver \u00e0 60\u00b0C et s\u00e9cher dans un s\u00e8che-linge chaud ou au soleil.<br>\u2714 V\u00eatements de tous les jours et v\u00eatements scolaires \u2192 Laver \u00e0 la m\u00eame temp\u00e9rature et conserver dans des sacs herm\u00e9tiques jusqu&#8217;\u00e0 l&#8217;utilisation.<br>\u2714 Serviettes et textiles de bain \u2192 Remplacer chaque jour et laver \u00e0 60\u00b0C.<br>\u2714 Tissus d&#8217;ameublement et canap\u00e9s \u2192 Passer l&#8217;aspirateur avec un filtre HEPA et appliquer de la vapeur chaude.<br>\u2714 Jouets et coussins en peluche \u2192 les mettre dans des sacs et les congeler pendant 48 heures s&#8217;ils ne peuvent pas \u00eatre lav\u00e9s \u00e0 haute temp\u00e9rature.<\/p>\n\n\n\n<p class=\"has-medium-font-size\">\ud83d\udce6 <strong>Conseil suppl\u00e9mentaire :<\/strong> conservez les v\u00eatements propres dans des sacs herm\u00e9tiques jusqu&#8217;\u00e0 ce que l&#8217;infestation ait compl\u00e8tement disparu.<\/p>\n\n\n\n<hr class=\"wp-block-separator has-alpha-channel-opacity\"\/>\n\n\n\n<h3 class=\"wp-block-heading\">\ud83c\udfe2 <strong>Au bureau : la pr\u00e9vention de la propagation est essentielle<\/strong><\/h3>\n\n\n\n<p class=\"has-medium-font-size\">La gale peut \u00e9galement affecter les lieux de travail, en particulier les bureaux partag\u00e9s, les vestiaires ou les endroits o\u00f9 se trouvent des canap\u00e9s et des tapis. Pour \u00e9viter la contagion :<\/p>\n\n\n\n<p class=\"has-medium-font-size\">\u2714 \u00c9vitez de partager des \u00e9charpes, des manteaux ou des \u00e9couteurs.<br>\u2714 D\u00e9sinfecter les claviers, les chaises et les bureaux avec des produits sp\u00e9cifiques.<br>\u2714 Laver fr\u00e9quemment les v\u00eatements de travail.<br>\u2714 Ventiler les bureaux quotidiennement pour r\u00e9duire l&#8217;humidit\u00e9.<\/p>\n\n\n\n<p class=\"has-medium-font-size\">Si un employ\u00e9 est touch\u00e9, il est essentiel de prendre des mesures pr\u00e9ventives pour arr\u00eater la propagation sur le lieu de travail.<\/p>\n\n\n\n<hr class=\"wp-block-separator has-alpha-channel-opacity\"\/>\n\n\n\n<h2 class=\"wp-block-heading\"><strong>Comment faire dispara\u00eetre compl\u00e8tement la gale ?<\/strong><\/h2>\n\n\n\n<p class=\"has-medium-font-size\">\u2714 Maintenez l&#8217;ordre \u00e0 la maison et au bureau pour que le nettoyage soit efficace.<br>\u2714 Utilisez des gants pour manipuler les v\u00eatements infest\u00e9s et mettez-les directement dans la machine \u00e0 laver.<br>\u2714 Passer l&#8217;aspirateur quotidiennement sur les matelas, les canap\u00e9s et les tapis.<br>\u2714 Utilisez les traitements m\u00e9dicaux prescrits et suivez les instructions de votre sp\u00e9cialiste.<\/p>\n\n\n\n<hr class=\"wp-block-separator has-alpha-channel-opacity\"\/>\n\n\n\n<p class=\"has-medium-font-size\">\u2728 L&#8217;ordre n&#8217;am\u00e9liore pas seulement votre bien-\u00eatre, il est aussi la cl\u00e9 de l&#8217;\u00e9limination des probl\u00e8mes de sant\u00e9. Si vous avez besoin d&#8217;aide pour organiser votre maison ou votre bureau afin de rendre le processus de nettoyage plus efficace, Ordenamigas est l\u00e0 pour vous.<\/p>\n\n\n\n<p class=\"has-medium-font-size\">\ud83d\udce9 Contactez-nous pour plus d&#8217;informations et retrouvez la tranquillit\u00e9 d&#8217;esprit dans votre espace.<\/p>\n\n\n\n<p class=\"has-medium-font-size\">\ud83d\udc69\u200d\ud83d\udcbb Ordenamigas &#8211; Organiser pour une vie plus saine et plus harmonieuse.<\/p>\n\n\n\n<p><\/p>\n","protected":false},"excerpt":{"rendered":"<p>\ud83e\udda0 Les cas de gale sont en augmentation dans les \u00eeles Bal\u00e9ares, et de nombreuses familles et entreprises cherchent des solutions efficaces pour lutter contre cette maladie. Nous savons que&hellip;<\/p>\n","protected":false},"author":1,"featured_media":23365,"comment_status":"open","ping_status":"open","sticky":false,"template":"","format":"standard","meta":{"footnotes":""},"categories":[227],"tags":[],"class_list":["post-24543","post","type-post","status-publish","format-standard","has-post-thumbnail","hentry","category-publicacion-fr"],"yoast_head":"<!-- This site is optimized with the Yoast SEO plugin v24.7 - https:\/\/yoast.com\/wordpress\/plugins\/seo\/ -->\n<title>Ordre et propret\u00e9 : Les cl\u00e9s dans les maisons et les bureaux - Ordenamigas<\/title>\n<meta name=\"robots\" content=\"index, follow, max-snippet:-1, max-image-preview:large, max-video-preview:-1\" \/>\n<link rel=\"canonical\" href=\"https:\/\/ordenamigas.es\/fr\/ordre-et-proprete-les-cles-dans-les-maisons-et-kes-bureaux\/\" \/>\n<meta property=\"og:locale\" content=\"fr_FR\" \/>\n<meta property=\"og:type\" content=\"article\" \/>\n<meta property=\"og:title\" content=\"Ordre et propret\u00e9 : Les cl\u00e9s dans les maisons et les bureaux - Ordenamigas\" \/>\n<meta property=\"og:description\" content=\"\ud83e\udda0 Les cas de gale sont en augmentation dans les \u00eeles Bal\u00e9ares, et de nombreuses familles et entreprises cherchent des solutions efficaces pour lutter contre cette maladie. Nous savons que&hellip;\" \/>\n<meta property=\"og:url\" content=\"https:\/\/ordenamigas.es\/fr\/ordre-et-proprete-les-cles-dans-les-maisons-et-kes-bureaux\/\" \/>\n<meta property=\"og:site_name\" content=\"Ordenamigas\" \/>\n<meta property=\"article:published_time\" content=\"2025-05-09T12:02:06+00:00\" \/>\n<meta property=\"article:modified_time\" content=\"2025-05-21T06:54:19+00:00\" \/>\n<meta property=\"og:image\" content=\"https:\/\/ordenamigas.es\/wp-content\/uploads\/2025\/05\/orden-y-limpieza.jpg\" \/>\n\t<meta property=\"og:image:width\" content=\"1999\" \/>\n\t<meta property=\"og:image:height\" content=\"1999\" \/>\n\t<meta property=\"og:image:type\" content=\"image\/jpeg\" \/>\n<meta name=\"author\" content=\"indigenasdigitales\" \/>\n<meta name=\"twitter:card\" content=\"summary_large_image\" \/>\n<meta name=\"twitter:creator\" content=\"@info@ordenamigas.es\" \/>\n<meta name=\"twitter:label1\" content=\"\u00c9crit par\" \/>\n\t<meta name=\"twitter:data1\" content=\"indigenasdigitales\" \/>\n\t<meta name=\"twitter:label2\" content=\"Dur\u00e9e de lecture estim\u00e9e\" \/>\n\t<meta name=\"twitter:data2\" content=\"3 minutes\" \/>\n<script type=\"application\/ld+json\" class=\"yoast-schema-graph\">{\"@context\":\"https:\/\/schema.org\",\"@graph\":[{\"@type\":\"Article\",\"@id\":\"https:\/\/ordenamigas.es\/fr\/ordre-et-proprete-les-cles-dans-les-maisons-et-kes-bureaux\/#article\",\"isPartOf\":{\"@id\":\"https:\/\/ordenamigas.es\/fr\/ordre-et-proprete-les-cles-dans-les-maisons-et-kes-bureaux\/\"},\"author\":{\"name\":\"indigenasdigitales\",\"@id\":\"https:\/\/ordenamigas.es\/fr\/#\/schema\/person\/8bd3197384f1474b1dae3c9b755df1eb\"},\"headline\":\"Ordre et propret\u00e9 : Les cl\u00e9s dans les maisons et les bureaux\",\"datePublished\":\"2025-05-09T12:02:06+00:00\",\"dateModified\":\"2025-05-21T06:54:19+00:00\",\"mainEntityOfPage\":{\"@id\":\"https:\/\/ordenamigas.es\/fr\/ordre-et-proprete-les-cles-dans-les-maisons-et-kes-bureaux\/\"},\"wordCount\":584,\"commentCount\":0,\"publisher\":{\"@id\":\"https:\/\/ordenamigas.es\/fr\/#organization\"},\"image\":{\"@id\":\"https:\/\/ordenamigas.es\/fr\/ordre-et-proprete-les-cles-dans-les-maisons-et-kes-bureaux\/#primaryimage\"},\"thumbnailUrl\":\"https:\/\/ordenamigas.es\/wp-content\/uploads\/2025\/05\/orden-y-limpieza.jpg\",\"articleSection\":[\"Publication\"],\"inLanguage\":\"fr-FR\",\"potentialAction\":[{\"@type\":\"CommentAction\",\"name\":\"Comment\",\"target\":[\"https:\/\/ordenamigas.es\/fr\/ordre-et-proprete-les-cles-dans-les-maisons-et-kes-bureaux\/#respond\"]}]},{\"@type\":\"WebPage\",\"@id\":\"https:\/\/ordenamigas.es\/fr\/ordre-et-proprete-les-cles-dans-les-maisons-et-kes-bureaux\/\",\"url\":\"https:\/\/ordenamigas.es\/fr\/ordre-et-proprete-les-cles-dans-les-maisons-et-kes-bureaux\/\",\"name\":\"Ordre et propret\u00e9 : Les cl\u00e9s dans les maisons et les bureaux - Ordenamigas\",\"isPartOf\":{\"@id\":\"https:\/\/ordenamigas.es\/fr\/#website\"},\"primaryImageOfPage\":{\"@id\":\"https:\/\/ordenamigas.es\/fr\/ordre-et-proprete-les-cles-dans-les-maisons-et-kes-bureaux\/#primaryimage\"},\"image\":{\"@id\":\"https:\/\/ordenamigas.es\/fr\/ordre-et-proprete-les-cles-dans-les-maisons-et-kes-bureaux\/#primaryimage\"},\"thumbnailUrl\":\"https:\/\/ordenamigas.es\/wp-content\/uploads\/2025\/05\/orden-y-limpieza.jpg\",\"datePublished\":\"2025-05-09T12:02:06+00:00\",\"dateModified\":\"2025-05-21T06:54:19+00:00\",\"breadcrumb\":{\"@id\":\"https:\/\/ordenamigas.es\/fr\/ordre-et-proprete-les-cles-dans-les-maisons-et-kes-bureaux\/#breadcrumb\"},\"inLanguage\":\"fr-FR\",\"potentialAction\":[{\"@type\":\"ReadAction\",\"target\":[\"https:\/\/ordenamigas.es\/fr\/ordre-et-proprete-les-cles-dans-les-maisons-et-kes-bureaux\/\"]}]},{\"@type\":\"ImageObject\",\"inLanguage\":\"fr-FR\",\"@id\":\"https:\/\/ordenamigas.es\/fr\/ordre-et-proprete-les-cles-dans-les-maisons-et-kes-bureaux\/#primaryimage\",\"url\":\"https:\/\/ordenamigas.es\/wp-content\/uploads\/2025\/05\/orden-y-limpieza.jpg\",\"contentUrl\":\"https:\/\/ordenamigas.es\/wp-content\/uploads\/2025\/05\/orden-y-limpieza.jpg\",\"width\":1999,\"height\":1999,\"caption\":\"Orden Y Limpieza\"},{\"@type\":\"BreadcrumbList\",\"@id\":\"https:\/\/ordenamigas.es\/fr\/ordre-et-proprete-les-cles-dans-les-maisons-et-kes-bureaux\/#breadcrumb\",\"itemListElement\":[{\"@type\":\"ListItem\",\"position\":1,\"name\":\"Portada\",\"item\":\"https:\/\/ordenamigas.es\/fr\/\"},{\"@type\":\"ListItem\",\"position\":2,\"name\":\"Ordre et propret\u00e9 : Les cl\u00e9s dans les maisons et les bureaux\"}]},{\"@type\":\"WebSite\",\"@id\":\"https:\/\/ordenamigas.es\/fr\/#website\",\"url\":\"https:\/\/ordenamigas.es\/fr\/\",\"name\":\"Ordenamigas\",\"description\":\"Organisez bureau et maison \u00e0 Majorque\",\"publisher\":{\"@id\":\"https:\/\/ordenamigas.es\/fr\/#organization\"},\"potentialAction\":[{\"@type\":\"SearchAction\",\"target\":{\"@type\":\"EntryPoint\",\"urlTemplate\":\"https:\/\/ordenamigas.es\/fr\/?s={search_term_string}\"},\"query-input\":{\"@type\":\"PropertyValueSpecification\",\"valueRequired\":true,\"valueName\":\"search_term_string\"}}],\"inLanguage\":\"fr-FR\"},{\"@type\":\"Organization\",\"@id\":\"https:\/\/ordenamigas.es\/fr\/#organization\",\"name\":\"Ordenamigas\",\"url\":\"https:\/\/ordenamigas.es\/fr\/\",\"logo\":{\"@type\":\"ImageObject\",\"inLanguage\":\"fr-FR\",\"@id\":\"https:\/\/ordenamigas.es\/fr\/#\/schema\/logo\/image\/\",\"url\":\"https:\/\/ordenamigas.es\/wp-content\/uploads\/2025\/03\/logo-horizontal-ordenamigas.png\",\"contentUrl\":\"https:\/\/ordenamigas.es\/wp-content\/uploads\/2025\/03\/logo-horizontal-ordenamigas.png\",\"width\":1092,\"height\":347,\"caption\":\"Ordenamigas\"},\"image\":{\"@id\":\"https:\/\/ordenamigas.es\/fr\/#\/schema\/logo\/image\/\"}},{\"@type\":\"Person\",\"@id\":\"https:\/\/ordenamigas.es\/fr\/#\/schema\/person\/8bd3197384f1474b1dae3c9b755df1eb\",\"name\":\"indigenasdigitales\",\"image\":{\"@type\":\"ImageObject\",\"inLanguage\":\"fr-FR\",\"@id\":\"https:\/\/ordenamigas.es\/fr\/#\/schema\/person\/image\/\",\"url\":\"https:\/\/secure.gravatar.com\/avatar\/83eb1ae29e58d16f3871ea906f41414c43de0ff1b3cc5973860fa5954041ad5d?s=96&d=mm&r=g\",\"contentUrl\":\"https:\/\/secure.gravatar.com\/avatar\/83eb1ae29e58d16f3871ea906f41414c43de0ff1b3cc5973860fa5954041ad5d?s=96&d=mm&r=g\",\"caption\":\"indigenasdigitales\"},\"sameAs\":[\"https:\/\/ordenamigas.es\",\"https:\/\/x.com\/info@ordenamigas.es\"],\"url\":\"https:\/\/ordenamigas.es\/fr\/author\/indigenasdigitales\/\"}]}<\/script>\n<!-- \/ Yoast SEO plugin. -->","yoast_head_json":{"title":"Ordre et propret\u00e9 : Les cl\u00e9s dans les maisons et les bureaux - Ordenamigas","robots":{"index":"index","follow":"follow","max-snippet":"max-snippet:-1","max-image-preview":"max-image-preview:large","max-video-preview":"max-video-preview:-1"},"canonical":"https:\/\/ordenamigas.es\/fr\/ordre-et-proprete-les-cles-dans-les-maisons-et-kes-bureaux\/","og_locale":"fr_FR","og_type":"article","og_title":"Ordre et propret\u00e9 : Les cl\u00e9s dans les maisons et les bureaux - Ordenamigas","og_description":"\ud83e\udda0 Les cas de gale sont en augmentation dans les \u00eeles Bal\u00e9ares, et de nombreuses familles et entreprises cherchent des solutions efficaces pour lutter contre cette maladie. Nous savons que&hellip;","og_url":"https:\/\/ordenamigas.es\/fr\/ordre-et-proprete-les-cles-dans-les-maisons-et-kes-bureaux\/","og_site_name":"Ordenamigas","article_published_time":"2025-05-09T12:02:06+00:00","article_modified_time":"2025-05-21T06:54:19+00:00","og_image":[{"width":1999,"height":1999,"url":"https:\/\/ordenamigas.es\/wp-content\/uploads\/2025\/05\/orden-y-limpieza.jpg","type":"image\/jpeg"}],"author":"indigenasdigitales","twitter_card":"summary_large_image","twitter_creator":"@info@ordenamigas.es","twitter_misc":{"\u00c9crit par":"indigenasdigitales","Dur\u00e9e de lecture estim\u00e9e":"3 minutes"},"schema":{"@context":"https:\/\/schema.org","@graph":[{"@type":"Article","@id":"https:\/\/ordenamigas.es\/fr\/ordre-et-proprete-les-cles-dans-les-maisons-et-kes-bureaux\/#article","isPartOf":{"@id":"https:\/\/ordenamigas.es\/fr\/ordre-et-proprete-les-cles-dans-les-maisons-et-kes-bureaux\/"},"author":{"name":"indigenasdigitales","@id":"https:\/\/ordenamigas.es\/fr\/#\/schema\/person\/8bd3197384f1474b1dae3c9b755df1eb"},"headline":"Ordre et propret\u00e9 : Les cl\u00e9s dans les maisons et les bureaux","datePublished":"2025-05-09T12:02:06+00:00","dateModified":"2025-05-21T06:54:19+00:00","mainEntityOfPage":{"@id":"https:\/\/ordenamigas.es\/fr\/ordre-et-proprete-les-cles-dans-les-maisons-et-kes-bureaux\/"},"wordCount":584,"commentCount":0,"publisher":{"@id":"https:\/\/ordenamigas.es\/fr\/#organization"},"image":{"@id":"https:\/\/ordenamigas.es\/fr\/ordre-et-proprete-les-cles-dans-les-maisons-et-kes-bureaux\/#primaryimage"},"thumbnailUrl":"https:\/\/ordenamigas.es\/wp-content\/uploads\/2025\/05\/orden-y-limpieza.jpg","articleSection":["Publication"],"inLanguage":"fr-FR","potentialAction":[{"@type":"CommentAction","name":"Comment","target":["https:\/\/ordenamigas.es\/fr\/ordre-et-proprete-les-cles-dans-les-maisons-et-kes-bureaux\/#respond"]}]},{"@type":"WebPage","@id":"https:\/\/ordenamigas.es\/fr\/ordre-et-proprete-les-cles-dans-les-maisons-et-kes-bureaux\/","url":"https:\/\/ordenamigas.es\/fr\/ordre-et-proprete-les-cles-dans-les-maisons-et-kes-bureaux\/","name":"Ordre et propret\u00e9 : Les cl\u00e9s dans les maisons et les bureaux - Ordenamigas","isPartOf":{"@id":"https:\/\/ordenamigas.es\/fr\/#website"},"primaryImageOfPage":{"@id":"https:\/\/ordenamigas.es\/fr\/ordre-et-proprete-les-cles-dans-les-maisons-et-kes-bureaux\/#primaryimage"},"image":{"@id":"https:\/\/ordenamigas.es\/fr\/ordre-et-proprete-les-cles-dans-les-maisons-et-kes-bureaux\/#primaryimage"},"thumbnailUrl":"https:\/\/ordenamigas.es\/wp-content\/uploads\/2025\/05\/orden-y-limpieza.jpg","datePublished":"2025-05-09T12:02:06+00:00","dateModified":"2025-05-21T06:54:19+00:00","breadcrumb":{"@id":"https:\/\/ordenamigas.es\/fr\/ordre-et-proprete-les-cles-dans-les-maisons-et-kes-bureaux\/#breadcrumb"},"inLanguage":"fr-FR","potentialAction":[{"@type":"ReadAction","target":["https:\/\/ordenamigas.es\/fr\/ordre-et-proprete-les-cles-dans-les-maisons-et-kes-bureaux\/"]}]},{"@type":"ImageObject","inLanguage":"fr-FR","@id":"https:\/\/ordenamigas.es\/fr\/ordre-et-proprete-les-cles-dans-les-maisons-et-kes-bureaux\/#primaryimage","url":"https:\/\/ordenamigas.es\/wp-content\/uploads\/2025\/05\/orden-y-limpieza.jpg","contentUrl":"https:\/\/ordenamigas.es\/wp-content\/uploads\/2025\/05\/orden-y-limpieza.jpg","width":1999,"height":1999,"caption":"Orden Y Limpieza"},{"@type":"BreadcrumbList","@id":"https:\/\/ordenamigas.es\/fr\/ordre-et-proprete-les-cles-dans-les-maisons-et-kes-bureaux\/#breadcrumb","itemListElement":[{"@type":"ListItem","position":1,"name":"Portada","item":"https:\/\/ordenamigas.es\/fr\/"},{"@type":"ListItem","position":2,"name":"Ordre et propret\u00e9 : Les cl\u00e9s dans les maisons et les bureaux"}]},{"@type":"WebSite","@id":"https:\/\/ordenamigas.es\/fr\/#website","url":"https:\/\/ordenamigas.es\/fr\/","name":"Ordenamigas","description":"Organisez bureau et maison \u00e0 Majorque","publisher":{"@id":"https:\/\/ordenamigas.es\/fr\/#organization"},"potentialAction":[{"@type":"SearchAction","target":{"@type":"EntryPoint","urlTemplate":"https:\/\/ordenamigas.es\/fr\/?s={search_term_string}"},"query-input":{"@type":"PropertyValueSpecification","valueRequired":true,"valueName":"search_term_string"}}],"inLanguage":"fr-FR"},{"@type":"Organization","@id":"https:\/\/ordenamigas.es\/fr\/#organization","name":"Ordenamigas","url":"https:\/\/ordenamigas.es\/fr\/","logo":{"@type":"ImageObject","inLanguage":"fr-FR","@id":"https:\/\/ordenamigas.es\/fr\/#\/schema\/logo\/image\/","url":"https:\/\/ordenamigas.es\/wp-content\/uploads\/2025\/03\/logo-horizontal-ordenamigas.png","contentUrl":"https:\/\/ordenamigas.es\/wp-content\/uploads\/2025\/03\/logo-horizontal-ordenamigas.png","width":1092,"height":347,"caption":"Ordenamigas"},"image":{"@id":"https:\/\/ordenamigas.es\/fr\/#\/schema\/logo\/image\/"}},{"@type":"Person","@id":"https:\/\/ordenamigas.es\/fr\/#\/schema\/person\/8bd3197384f1474b1dae3c9b755df1eb","name":"indigenasdigitales","image":{"@type":"ImageObject","inLanguage":"fr-FR","@id":"https:\/\/ordenamigas.es\/fr\/#\/schema\/person\/image\/","url":"https:\/\/secure.gravatar.com\/avatar\/83eb1ae29e58d16f3871ea906f41414c43de0ff1b3cc5973860fa5954041ad5d?s=96&d=mm&r=g","contentUrl":"https:\/\/secure.gravatar.com\/avatar\/83eb1ae29e58d16f3871ea906f41414c43de0ff1b3cc5973860fa5954041ad5d?s=96&d=mm&r=g","caption":"indigenasdigitales"},"sameAs":["https:\/\/ordenamigas.es","https:\/\/x.com\/info@ordenamigas.es"],"url":"https:\/\/ordenamigas.es\/fr\/author\/indigenasdigitales\/"}]}},"_links":{"self":[{"href":"https:\/\/ordenamigas.es\/fr\/wp-json\/wp\/v2\/posts\/24543","targetHints":{"allow":["GET"]}}],"collection":[{"href":"https:\/\/ordenamigas.es\/fr\/wp-json\/wp\/v2\/posts"}],"about":[{"href":"https:\/\/ordenamigas.es\/fr\/wp-json\/wp\/v2\/types\/post"}],"author":[{"embeddable":true,"href":"https:\/\/ordenamigas.es\/fr\/wp-json\/wp\/v2\/users\/1"}],"replies":[{"embeddable":true,"href":"https:\/\/ordenamigas.es\/fr\/wp-json\/wp\/v2\/comments?post=24543"}],"version-history":[{"count":2,"href":"https:\/\/ordenamigas.es\/fr\/wp-json\/wp\/v2\/posts\/24543\/revisions"}],"predecessor-version":[{"id":24547,"href":"https:\/\/ordenamigas.es\/fr\/wp-json\/wp\/v2\/posts\/24543\/revisions\/24547"}],"wp:featuredmedia":[{"embeddable":true,"href":"https:\/\/ordenamigas.es\/fr\/wp-json\/wp\/v2\/media\/23365"}],"wp:attachment":[{"href":"https:\/\/ordenamigas.es\/fr\/wp-json\/wp\/v2\/media?parent=24543"}],"wp:term":[{"taxonomy":"category","embeddable":true,"href":"https:\/\/ordenamigas.es\/fr\/wp-json\/wp\/v2\/categories?post=24543"},{"taxonomy":"post_tag","embeddable":true,"href":"https:\/\/ordenamigas.es\/fr\/wp-json\/wp\/v2\/tags?post=24543"}],"curies":[{"name":"wp","href":"https:\/\/api.w.org\/{rel}","templated":true}]}}