{"id":24548,"date":"2025-05-09T14:00:59","date_gmt":"2025-05-09T12:00:59","guid":{"rendered":"https:\/\/ordenamigas.es\/las-ventajas-de-tener-orden-y-organizacion-en-tu-oficina\/"},"modified":"2025-05-21T08:58:39","modified_gmt":"2025-05-21T06:58:39","slug":"les-avantages-de-l-ordre-et-de-l-organisation-au-bureau","status":"publish","type":"post","link":"https:\/\/ordenamigas.es\/fr\/les-avantages-de-l-ordre-et-de-l-organisation-au-bureau\/","title":{"rendered":"Les avantages de l&#8217;ordre et de l&#8217;organisation au bureau"},"content":{"rendered":"\n<p class=\"has-text-hover-color has-text-color has-link-color has-large-font-size wp-elements-b4910d2c9417ded54ece494c473a068f\"><strong>Un environnement de travail efficace et productif<\/strong><\/p>\n\n\n\n<p class=\"has-medium-font-size\">Le maintien de l&#8217;ordre et de l&#8217;organisation dans votre bureau peut transformer compl\u00e8tement votre exp\u00e9rience de travail, en g\u00e9n\u00e9rant de nombreux avantages pour vous et votre \u00e9quipe. Voici quelques-uns des principaux avantages :<\/p>\n\n\n\n<p class=\"has-text-hover-color has-text-color has-link-color has-large-font-size wp-elements-8332b7193d182c63e3f857532213877f\"><strong>Augmentation de la productivit\u00e9\u00a0<\/strong><\/p>\n\n\n\n<p class=\"has-medium-font-size\">Un environnement bien rang\u00e9 permet de trouver rapidement les documents et les outils, ce qui minimise le temps perdu en recherches inutiles. Un syst\u00e8me de classement efficace et un bureau bien rang\u00e9 vous permettent de vous concentrer sur vos t\u00e2ches et r\u00e9duisent les distractions.<\/p>\n\n\n\n<p class=\"has-text-hover-color has-text-color has-link-color has-large-font-size wp-elements-05e49fb590538696309c3d19496b7240\"><strong>Am\u00e9lioration de la qualit\u00e9 du travail<\/strong><\/p>\n\n\n\n<p class=\"has-medium-font-size\">L&#8217;organisation permet de maintenir un flux de travail r\u00e9gulier et ininterrompu. Cela se traduit par une ex\u00e9cution plus pr\u00e9cise et d\u00e9taill\u00e9e de vos responsabilit\u00e9s, ce qui am\u00e9liore la qualit\u00e9 du r\u00e9sultat final.\u00a0<\/p>\n\n\n\n<p class=\"has-text-hover-color has-text-color has-link-color has-large-font-size wp-elements-86059f234eaaf1b60cb6137bb3e7ccd2\"><strong>R\u00e9duction du stress<\/strong><\/p>\n\n\n\n<p class=\"has-medium-font-size\">Un espace bien organis\u00e9 contribue \u00e0 une atmosph\u00e8re plus calme et plus d\u00e9tendue. En \u00e9liminant le chaos et le d\u00e9sordre visuel, on r\u00e9duit l&#8217;anxi\u00e9t\u00e9 et on am\u00e9liore le bien-\u00eatre g\u00e9n\u00e9ral, ce qui cr\u00e9e une atmosph\u00e8re plus positive.<\/p>\n\n\n\n<p class=\"has-text-hover-color has-text-color has-link-color has-large-font-size wp-elements-339c12dec40d684d0d9b5d135affd811\"><strong>Encourager la cr\u00e9ativit\u00e9<\/strong><\/p>\n\n\n\n<p class=\"has-medium-font-size\">Un espace de travail bien rang\u00e9 offre une toile vierge \u00e0 l&#8217;esprit. Sans l&#8217;encombrement de stimuli inutiles, votre cerveau peut mieux se concentrer sur la g\u00e9n\u00e9ration de nouvelles id\u00e9es et de solutions innovantes.\u00a0<\/p>\n\n\n\n<p class=\"has-text-hover-color has-text-color has-link-color has-large-font-size wp-elements-869e7d76fab54e717d371f33f02dc938\"><strong>Am\u00e9liorer la communication<\/strong><\/p>\n\n\n\n<p class=\"has-medium-font-size\">L&#8217;organisation affecte non seulement l&#8217;environnement physique, mais aussi la mani\u00e8re dont nous communiquons. Des responsabilit\u00e9s et des canaux d&#8217;information clairs permettent une communication plus fluide et plus efficace entre les membres de l&#8217;\u00e9quipe.\u00a0<\/p>\n\n\n\n<p class=\"has-text-hover-color has-text-color has-link-color has-large-font-size wp-elements-885d5eefc7898af550b47f4203721034\"><strong>Optimisation de l&#8217;espace<\/strong><\/p>\n\n\n\n<p class=\"has-medium-font-size\">Le fait de ranger et d&#8217;organiser correctement le bureau permet d&#8217;utiliser l&#8217;espace de mani\u00e8re plus efficace. Vous pouvez trouver des moyens cr\u00e9atifs de ranger le mat\u00e9riel et les outils, ce qui lib\u00e8re de l&#8217;espace pour d&#8217;autres activit\u00e9s et facilite la circulation dans l&#8217;espace de travail.<br><\/p>\n\n\n\n<p class=\"has-medium-font-size\">En conclusion, le maintien de l&#8217;ordre et de l&#8217;organisation dans votre bureau am\u00e9liore non seulement vos performances professionnelles, mais aussi votre bien-\u00eatre et celui de votre \u00e9quipe. La mise en \u0153uvre de syst\u00e8mes d&#8217;organisation efficaces peut vous permettre d&#8217;atteindre vos objectifs plus rapidement et avec moins d&#8217;efforts &#8211; ne sous-estimez pas le pouvoir d&#8217;un environnement bien rang\u00e9 !<\/p>\n","protected":false},"excerpt":{"rendered":"<p>Un environnement de travail efficace et productif Le maintien de l&#8217;ordre et de l&#8217;organisation dans votre bureau peut transformer compl\u00e8tement votre exp\u00e9rience de travail, en g\u00e9n\u00e9rant de nombreux avantages pour&hellip;<\/p>\n","protected":false},"author":1,"featured_media":23361,"comment_status":"open","ping_status":"open","sticky":false,"template":"","format":"standard","meta":{"footnotes":""},"categories":[227],"tags":[],"class_list":["post-24548","post","type-post","status-publish","format-standard","has-post-thumbnail","hentry","category-publicacion-fr"],"yoast_head":"<!-- This site is optimized with the Yoast SEO plugin v24.7 - https:\/\/yoast.com\/wordpress\/plugins\/seo\/ -->\n<title>Les avantages de l&#039;ordre et de l&#039;organisation au bureau - Ordenamigas<\/title>\n<meta name=\"robots\" content=\"index, follow, max-snippet:-1, max-image-preview:large, max-video-preview:-1\" \/>\n<link rel=\"canonical\" href=\"https:\/\/ordenamigas.es\/fr\/les-avantages-de-l-ordre-et-de-l-organisation-au-bureau\/\" \/>\n<meta property=\"og:locale\" content=\"fr_FR\" \/>\n<meta property=\"og:type\" content=\"article\" \/>\n<meta property=\"og:title\" content=\"Les avantages de l&#039;ordre et de l&#039;organisation au bureau - Ordenamigas\" \/>\n<meta property=\"og:description\" content=\"Un environnement de travail efficace et productif Le maintien de l&#8217;ordre et de l&#8217;organisation dans votre bureau peut transformer compl\u00e8tement votre exp\u00e9rience de travail, en g\u00e9n\u00e9rant de nombreux avantages pour&hellip;\" \/>\n<meta property=\"og:url\" content=\"https:\/\/ordenamigas.es\/fr\/les-avantages-de-l-ordre-et-de-l-organisation-au-bureau\/\" \/>\n<meta property=\"og:site_name\" content=\"Ordenamigas\" \/>\n<meta property=\"article:published_time\" content=\"2025-05-09T12:00:59+00:00\" \/>\n<meta property=\"article:modified_time\" content=\"2025-05-21T06:58:39+00:00\" \/>\n<meta property=\"og:image\" content=\"https:\/\/ordenamigas.es\/wp-content\/uploads\/2025\/05\/ventajas-organizacion.jpg\" \/>\n\t<meta property=\"og:image:width\" content=\"1622\" \/>\n\t<meta property=\"og:image:height\" content=\"1848\" \/>\n\t<meta property=\"og:image:type\" content=\"image\/jpeg\" \/>\n<meta name=\"author\" content=\"indigenasdigitales\" \/>\n<meta name=\"twitter:card\" content=\"summary_large_image\" \/>\n<meta name=\"twitter:creator\" content=\"@info@ordenamigas.es\" \/>\n<meta name=\"twitter:label1\" content=\"\u00c9crit par\" \/>\n\t<meta name=\"twitter:data1\" content=\"indigenasdigitales\" \/>\n\t<meta name=\"twitter:label2\" content=\"Dur\u00e9e de lecture estim\u00e9e\" \/>\n\t<meta name=\"twitter:data2\" content=\"2 minutes\" \/>\n<script type=\"application\/ld+json\" class=\"yoast-schema-graph\">{\"@context\":\"https:\/\/schema.org\",\"@graph\":[{\"@type\":\"Article\",\"@id\":\"https:\/\/ordenamigas.es\/fr\/les-avantages-de-l-ordre-et-de-l-organisation-au-bureau\/#article\",\"isPartOf\":{\"@id\":\"https:\/\/ordenamigas.es\/fr\/les-avantages-de-l-ordre-et-de-l-organisation-au-bureau\/\"},\"author\":{\"name\":\"indigenasdigitales\",\"@id\":\"https:\/\/ordenamigas.es\/fr\/#\/schema\/person\/8bd3197384f1474b1dae3c9b755df1eb\"},\"headline\":\"Les avantages de l&#8217;ordre et de l&#8217;organisation au bureau\",\"datePublished\":\"2025-05-09T12:00:59+00:00\",\"dateModified\":\"2025-05-21T06:58:39+00:00\",\"mainEntityOfPage\":{\"@id\":\"https:\/\/ordenamigas.es\/fr\/les-avantages-de-l-ordre-et-de-l-organisation-au-bureau\/\"},\"wordCount\":417,\"commentCount\":0,\"publisher\":{\"@id\":\"https:\/\/ordenamigas.es\/fr\/#organization\"},\"image\":{\"@id\":\"https:\/\/ordenamigas.es\/fr\/les-avantages-de-l-ordre-et-de-l-organisation-au-bureau\/#primaryimage\"},\"thumbnailUrl\":\"https:\/\/ordenamigas.es\/wp-content\/uploads\/2025\/05\/ventajas-organizacion.jpg\",\"articleSection\":[\"Publication\"],\"inLanguage\":\"fr-FR\",\"potentialAction\":[{\"@type\":\"CommentAction\",\"name\":\"Comment\",\"target\":[\"https:\/\/ordenamigas.es\/fr\/les-avantages-de-l-ordre-et-de-l-organisation-au-bureau\/#respond\"]}]},{\"@type\":\"WebPage\",\"@id\":\"https:\/\/ordenamigas.es\/fr\/les-avantages-de-l-ordre-et-de-l-organisation-au-bureau\/\",\"url\":\"https:\/\/ordenamigas.es\/fr\/les-avantages-de-l-ordre-et-de-l-organisation-au-bureau\/\",\"name\":\"Les avantages de l'ordre et de l'organisation au bureau - Ordenamigas\",\"isPartOf\":{\"@id\":\"https:\/\/ordenamigas.es\/fr\/#website\"},\"primaryImageOfPage\":{\"@id\":\"https:\/\/ordenamigas.es\/fr\/les-avantages-de-l-ordre-et-de-l-organisation-au-bureau\/#primaryimage\"},\"image\":{\"@id\":\"https:\/\/ordenamigas.es\/fr\/les-avantages-de-l-ordre-et-de-l-organisation-au-bureau\/#primaryimage\"},\"thumbnailUrl\":\"https:\/\/ordenamigas.es\/wp-content\/uploads\/2025\/05\/ventajas-organizacion.jpg\",\"datePublished\":\"2025-05-09T12:00:59+00:00\",\"dateModified\":\"2025-05-21T06:58:39+00:00\",\"breadcrumb\":{\"@id\":\"https:\/\/ordenamigas.es\/fr\/les-avantages-de-l-ordre-et-de-l-organisation-au-bureau\/#breadcrumb\"},\"inLanguage\":\"fr-FR\",\"potentialAction\":[{\"@type\":\"ReadAction\",\"target\":[\"https:\/\/ordenamigas.es\/fr\/les-avantages-de-l-ordre-et-de-l-organisation-au-bureau\/\"]}]},{\"@type\":\"ImageObject\",\"inLanguage\":\"fr-FR\",\"@id\":\"https:\/\/ordenamigas.es\/fr\/les-avantages-de-l-ordre-et-de-l-organisation-au-bureau\/#primaryimage\",\"url\":\"https:\/\/ordenamigas.es\/wp-content\/uploads\/2025\/05\/ventajas-organizacion.jpg\",\"contentUrl\":\"https:\/\/ordenamigas.es\/wp-content\/uploads\/2025\/05\/ventajas-organizacion.jpg\",\"width\":1622,\"height\":1848,\"caption\":\"Ventajas Organizacion\"},{\"@type\":\"BreadcrumbList\",\"@id\":\"https:\/\/ordenamigas.es\/fr\/les-avantages-de-l-ordre-et-de-l-organisation-au-bureau\/#breadcrumb\",\"itemListElement\":[{\"@type\":\"ListItem\",\"position\":1,\"name\":\"Portada\",\"item\":\"https:\/\/ordenamigas.es\/fr\/\"},{\"@type\":\"ListItem\",\"position\":2,\"name\":\"Les avantages de l&#8217;ordre et de l&#8217;organisation au bureau\"}]},{\"@type\":\"WebSite\",\"@id\":\"https:\/\/ordenamigas.es\/fr\/#website\",\"url\":\"https:\/\/ordenamigas.es\/fr\/\",\"name\":\"Ordenamigas\",\"description\":\"Organisez bureau et maison \u00e0 Majorque\",\"publisher\":{\"@id\":\"https:\/\/ordenamigas.es\/fr\/#organization\"},\"potentialAction\":[{\"@type\":\"SearchAction\",\"target\":{\"@type\":\"EntryPoint\",\"urlTemplate\":\"https:\/\/ordenamigas.es\/fr\/?s={search_term_string}\"},\"query-input\":{\"@type\":\"PropertyValueSpecification\",\"valueRequired\":true,\"valueName\":\"search_term_string\"}}],\"inLanguage\":\"fr-FR\"},{\"@type\":\"Organization\",\"@id\":\"https:\/\/ordenamigas.es\/fr\/#organization\",\"name\":\"Ordenamigas\",\"url\":\"https:\/\/ordenamigas.es\/fr\/\",\"logo\":{\"@type\":\"ImageObject\",\"inLanguage\":\"fr-FR\",\"@id\":\"https:\/\/ordenamigas.es\/fr\/#\/schema\/logo\/image\/\",\"url\":\"https:\/\/ordenamigas.es\/wp-content\/uploads\/2025\/03\/logo-horizontal-ordenamigas.png\",\"contentUrl\":\"https:\/\/ordenamigas.es\/wp-content\/uploads\/2025\/03\/logo-horizontal-ordenamigas.png\",\"width\":1092,\"height\":347,\"caption\":\"Ordenamigas\"},\"image\":{\"@id\":\"https:\/\/ordenamigas.es\/fr\/#\/schema\/logo\/image\/\"}},{\"@type\":\"Person\",\"@id\":\"https:\/\/ordenamigas.es\/fr\/#\/schema\/person\/8bd3197384f1474b1dae3c9b755df1eb\",\"name\":\"indigenasdigitales\",\"image\":{\"@type\":\"ImageObject\",\"inLanguage\":\"fr-FR\",\"@id\":\"https:\/\/ordenamigas.es\/fr\/#\/schema\/person\/image\/\",\"url\":\"https:\/\/secure.gravatar.com\/avatar\/83eb1ae29e58d16f3871ea906f41414c43de0ff1b3cc5973860fa5954041ad5d?s=96&d=mm&r=g\",\"contentUrl\":\"https:\/\/secure.gravatar.com\/avatar\/83eb1ae29e58d16f3871ea906f41414c43de0ff1b3cc5973860fa5954041ad5d?s=96&d=mm&r=g\",\"caption\":\"indigenasdigitales\"},\"sameAs\":[\"https:\/\/ordenamigas.es\",\"https:\/\/x.com\/info@ordenamigas.es\"],\"url\":\"https:\/\/ordenamigas.es\/fr\/author\/indigenasdigitales\/\"}]}<\/script>\n<!-- \/ Yoast SEO plugin. -->","yoast_head_json":{"title":"Les avantages de l'ordre et de l'organisation au bureau - Ordenamigas","robots":{"index":"index","follow":"follow","max-snippet":"max-snippet:-1","max-image-preview":"max-image-preview:large","max-video-preview":"max-video-preview:-1"},"canonical":"https:\/\/ordenamigas.es\/fr\/les-avantages-de-l-ordre-et-de-l-organisation-au-bureau\/","og_locale":"fr_FR","og_type":"article","og_title":"Les avantages de l'ordre et de l'organisation au bureau - Ordenamigas","og_description":"Un environnement de travail efficace et productif Le maintien de l&#8217;ordre et de l&#8217;organisation dans votre bureau peut transformer compl\u00e8tement votre exp\u00e9rience de travail, en g\u00e9n\u00e9rant de nombreux avantages pour&hellip;","og_url":"https:\/\/ordenamigas.es\/fr\/les-avantages-de-l-ordre-et-de-l-organisation-au-bureau\/","og_site_name":"Ordenamigas","article_published_time":"2025-05-09T12:00:59+00:00","article_modified_time":"2025-05-21T06:58:39+00:00","og_image":[{"width":1622,"height":1848,"url":"https:\/\/ordenamigas.es\/wp-content\/uploads\/2025\/05\/ventajas-organizacion.jpg","type":"image\/jpeg"}],"author":"indigenasdigitales","twitter_card":"summary_large_image","twitter_creator":"@info@ordenamigas.es","twitter_misc":{"\u00c9crit par":"indigenasdigitales","Dur\u00e9e de lecture estim\u00e9e":"2 minutes"},"schema":{"@context":"https:\/\/schema.org","@graph":[{"@type":"Article","@id":"https:\/\/ordenamigas.es\/fr\/les-avantages-de-l-ordre-et-de-l-organisation-au-bureau\/#article","isPartOf":{"@id":"https:\/\/ordenamigas.es\/fr\/les-avantages-de-l-ordre-et-de-l-organisation-au-bureau\/"},"author":{"name":"indigenasdigitales","@id":"https:\/\/ordenamigas.es\/fr\/#\/schema\/person\/8bd3197384f1474b1dae3c9b755df1eb"},"headline":"Les avantages de l&#8217;ordre et de l&#8217;organisation au bureau","datePublished":"2025-05-09T12:00:59+00:00","dateModified":"2025-05-21T06:58:39+00:00","mainEntityOfPage":{"@id":"https:\/\/ordenamigas.es\/fr\/les-avantages-de-l-ordre-et-de-l-organisation-au-bureau\/"},"wordCount":417,"commentCount":0,"publisher":{"@id":"https:\/\/ordenamigas.es\/fr\/#organization"},"image":{"@id":"https:\/\/ordenamigas.es\/fr\/les-avantages-de-l-ordre-et-de-l-organisation-au-bureau\/#primaryimage"},"thumbnailUrl":"https:\/\/ordenamigas.es\/wp-content\/uploads\/2025\/05\/ventajas-organizacion.jpg","articleSection":["Publication"],"inLanguage":"fr-FR","potentialAction":[{"@type":"CommentAction","name":"Comment","target":["https:\/\/ordenamigas.es\/fr\/les-avantages-de-l-ordre-et-de-l-organisation-au-bureau\/#respond"]}]},{"@type":"WebPage","@id":"https:\/\/ordenamigas.es\/fr\/les-avantages-de-l-ordre-et-de-l-organisation-au-bureau\/","url":"https:\/\/ordenamigas.es\/fr\/les-avantages-de-l-ordre-et-de-l-organisation-au-bureau\/","name":"Les avantages de l'ordre et de l'organisation au bureau - Ordenamigas","isPartOf":{"@id":"https:\/\/ordenamigas.es\/fr\/#website"},"primaryImageOfPage":{"@id":"https:\/\/ordenamigas.es\/fr\/les-avantages-de-l-ordre-et-de-l-organisation-au-bureau\/#primaryimage"},"image":{"@id":"https:\/\/ordenamigas.es\/fr\/les-avantages-de-l-ordre-et-de-l-organisation-au-bureau\/#primaryimage"},"thumbnailUrl":"https:\/\/ordenamigas.es\/wp-content\/uploads\/2025\/05\/ventajas-organizacion.jpg","datePublished":"2025-05-09T12:00:59+00:00","dateModified":"2025-05-21T06:58:39+00:00","breadcrumb":{"@id":"https:\/\/ordenamigas.es\/fr\/les-avantages-de-l-ordre-et-de-l-organisation-au-bureau\/#breadcrumb"},"inLanguage":"fr-FR","potentialAction":[{"@type":"ReadAction","target":["https:\/\/ordenamigas.es\/fr\/les-avantages-de-l-ordre-et-de-l-organisation-au-bureau\/"]}]},{"@type":"ImageObject","inLanguage":"fr-FR","@id":"https:\/\/ordenamigas.es\/fr\/les-avantages-de-l-ordre-et-de-l-organisation-au-bureau\/#primaryimage","url":"https:\/\/ordenamigas.es\/wp-content\/uploads\/2025\/05\/ventajas-organizacion.jpg","contentUrl":"https:\/\/ordenamigas.es\/wp-content\/uploads\/2025\/05\/ventajas-organizacion.jpg","width":1622,"height":1848,"caption":"Ventajas Organizacion"},{"@type":"BreadcrumbList","@id":"https:\/\/ordenamigas.es\/fr\/les-avantages-de-l-ordre-et-de-l-organisation-au-bureau\/#breadcrumb","itemListElement":[{"@type":"ListItem","position":1,"name":"Portada","item":"https:\/\/ordenamigas.es\/fr\/"},{"@type":"ListItem","position":2,"name":"Les avantages de l&#8217;ordre et de l&#8217;organisation au bureau"}]},{"@type":"WebSite","@id":"https:\/\/ordenamigas.es\/fr\/#website","url":"https:\/\/ordenamigas.es\/fr\/","name":"Ordenamigas","description":"Organisez bureau et maison \u00e0 Majorque","publisher":{"@id":"https:\/\/ordenamigas.es\/fr\/#organization"},"potentialAction":[{"@type":"SearchAction","target":{"@type":"EntryPoint","urlTemplate":"https:\/\/ordenamigas.es\/fr\/?s={search_term_string}"},"query-input":{"@type":"PropertyValueSpecification","valueRequired":true,"valueName":"search_term_string"}}],"inLanguage":"fr-FR"},{"@type":"Organization","@id":"https:\/\/ordenamigas.es\/fr\/#organization","name":"Ordenamigas","url":"https:\/\/ordenamigas.es\/fr\/","logo":{"@type":"ImageObject","inLanguage":"fr-FR","@id":"https:\/\/ordenamigas.es\/fr\/#\/schema\/logo\/image\/","url":"https:\/\/ordenamigas.es\/wp-content\/uploads\/2025\/03\/logo-horizontal-ordenamigas.png","contentUrl":"https:\/\/ordenamigas.es\/wp-content\/uploads\/2025\/03\/logo-horizontal-ordenamigas.png","width":1092,"height":347,"caption":"Ordenamigas"},"image":{"@id":"https:\/\/ordenamigas.es\/fr\/#\/schema\/logo\/image\/"}},{"@type":"Person","@id":"https:\/\/ordenamigas.es\/fr\/#\/schema\/person\/8bd3197384f1474b1dae3c9b755df1eb","name":"indigenasdigitales","image":{"@type":"ImageObject","inLanguage":"fr-FR","@id":"https:\/\/ordenamigas.es\/fr\/#\/schema\/person\/image\/","url":"https:\/\/secure.gravatar.com\/avatar\/83eb1ae29e58d16f3871ea906f41414c43de0ff1b3cc5973860fa5954041ad5d?s=96&d=mm&r=g","contentUrl":"https:\/\/secure.gravatar.com\/avatar\/83eb1ae29e58d16f3871ea906f41414c43de0ff1b3cc5973860fa5954041ad5d?s=96&d=mm&r=g","caption":"indigenasdigitales"},"sameAs":["https:\/\/ordenamigas.es","https:\/\/x.com\/info@ordenamigas.es"],"url":"https:\/\/ordenamigas.es\/fr\/author\/indigenasdigitales\/"}]}},"_links":{"self":[{"href":"https:\/\/ordenamigas.es\/fr\/wp-json\/wp\/v2\/posts\/24548","targetHints":{"allow":["GET"]}}],"collection":[{"href":"https:\/\/ordenamigas.es\/fr\/wp-json\/wp\/v2\/posts"}],"about":[{"href":"https:\/\/ordenamigas.es\/fr\/wp-json\/wp\/v2\/types\/post"}],"author":[{"embeddable":true,"href":"https:\/\/ordenamigas.es\/fr\/wp-json\/wp\/v2\/users\/1"}],"replies":[{"embeddable":true,"href":"https:\/\/ordenamigas.es\/fr\/wp-json\/wp\/v2\/comments?post=24548"}],"version-history":[{"count":1,"href":"https:\/\/ordenamigas.es\/fr\/wp-json\/wp\/v2\/posts\/24548\/revisions"}],"predecessor-version":[{"id":24550,"href":"https:\/\/ordenamigas.es\/fr\/wp-json\/wp\/v2\/posts\/24548\/revisions\/24550"}],"wp:featuredmedia":[{"embeddable":true,"href":"https:\/\/ordenamigas.es\/fr\/wp-json\/wp\/v2\/media\/23361"}],"wp:attachment":[{"href":"https:\/\/ordenamigas.es\/fr\/wp-json\/wp\/v2\/media?parent=24548"}],"wp:term":[{"taxonomy":"category","embeddable":true,"href":"https:\/\/ordenamigas.es\/fr\/wp-json\/wp\/v2\/categories?post=24548"},{"taxonomy":"post_tag","embeddable":true,"href":"https:\/\/ordenamigas.es\/fr\/wp-json\/wp\/v2\/tags?post=24548"}],"curies":[{"name":"wp","href":"https:\/\/api.w.org\/{rel}","templated":true}]}}