{"id":24551,"date":"2025-05-09T13:57:44","date_gmt":"2025-05-09T11:57:44","guid":{"rendered":"https:\/\/ordenamigas.es\/el-desorden-y-las-emociones-como-tu-espacio-refleja-tu-mundo-interior\/"},"modified":"2025-05-21T09:07:09","modified_gmt":"2025-05-21T07:07:09","slug":"desordre-et-emotions-comment-votre-espace-reflete-votre-monde-interieur","status":"publish","type":"post","link":"https:\/\/ordenamigas.es\/fr\/desordre-et-emotions-comment-votre-espace-reflete-votre-monde-interieur\/","title":{"rendered":"D\u00e9sordre et \u00e9motions : Comment votre espace refl\u00e8te votre monde int\u00e9rieur"},"content":{"rendered":"\n<h2 class=\"wp-block-heading\"><strong>Introduction<\/strong><\/h2>\n\n\n\n<p class=\"has-medium-font-size\">Avez-vous d\u00e9j\u00e0 eu l&#8217;impression que le d\u00e9sordre dans votre maison vous submerge, ou que lorsque vous nettoyez et organisez un espace, vous ressentez un grand sentiment de soulagement ? La relation entre l&#8217;ordre et l&#8217;esprit n&#8217;est pas une co\u00efncidence : notre environnement physique influence directement nos \u00e9motions, notre productivit\u00e9 et notre bien-\u00eatre.<\/p>\n\n\n\n<p class=\"has-medium-font-size\">De nombreuses \u00e9tudes ont montr\u00e9 qu&#8217;une maison encombr\u00e9e peut accro\u00eetre le stress, l&#8217;anxi\u00e9t\u00e9 et m\u00eame la d\u00e9pression. Le d\u00e9sordre n&#8217;est pas seulement une accumulation de choses ; il est souvent le reflet d&#8217;un esprit encombr\u00e9.<\/p>\n\n\n\n<p class=\"has-medium-font-size\">Dans cet article, nous explorons le lien entre le d\u00e9sordre et l&#8217;\u00e9tat \u00e9motionnel, avec des recherches psychologiques, des \u00e9tudes de cas et des conseils pour am\u00e9liorer votre bien-\u00eatre gr\u00e2ce \u00e0 l&#8217;organisation.<\/p>\n\n\n\n<h2 class=\"wp-block-heading\">1. Pourquoi les troubles affectent-ils notre sant\u00e9 mentale ?<\/h2>\n\n\n\n<h3 class=\"wp-block-heading\">1.1. La science derri\u00e8re les troubles et l&#8217;anxi\u00e9t\u00e9<\/h3>\n\n\n\n<p class=\"has-medium-font-size\">Des recherches men\u00e9es par le Princeton Neuroscience Institute indiquent que le d\u00e9sordre physique surcharge le cerveau, ce qui rend la concentration difficile et augmente le taux de cortisol (l&#8217;hormone du stress). Notre cerveau est con\u00e7u pour traiter l&#8217;ordre et l&#8217;harmonie. Un espace chaotique cr\u00e9e donc une fatigue mentale et un sentiment de chaos interne.<\/p>\n\n\n\n<h3 class=\"wp-block-heading\">1.2. Impact \u00e9motionnel du trouble<\/h3>\n\n\n\n<p class=\"has-medium-font-size\">Selon une \u00e9tude de l&#8217;Universit\u00e9 de Californie, les personnes qui d\u00e9crivent leur maison comme &#8220;d\u00e9sordonn\u00e9e&#8221; ou &#8220;chaotique&#8221; ont des niveaux de stress plus \u00e9lev\u00e9s que celles qui la per\u00e7oivent comme &#8220;relaxante&#8221; ou &#8220;organis\u00e9e&#8221;.<\/p>\n\n\n\n<p class=\"has-medium-font-size\">Le trouble peut conduire \u00e0 :<br>\u2705 Stress et anxi\u00e9t\u00e9.<br>\u2705 Sentiments de culpabilit\u00e9 ou de frustration.<br>\u2705 Difficult\u00e9 \u00e0 prendre des d\u00e9cisions.<br>\u2705 Probl\u00e8mes de productivit\u00e9 et de concentration.<br>\u2705 Relations familiales tendues.<\/p>\n\n\n\n<p class=\"has-medium-font-size\">Nous accumulons souvent des objets par attachement \u00e9motionnel ou par peur d&#8217;oublier des souvenirs pass\u00e9s, qui peuvent \u00eatre li\u00e9s \u00e0 des ins\u00e9curit\u00e9s ou \u00e0 des traumatismes non r\u00e9solus.<\/p>\n\n\n\n<h2 class=\"wp-block-heading\"><strong>2. \u00c0 quoi ressemble une personne dont la maison est en d\u00e9sordre ?<\/strong><\/h2>\n\n\n\n<p class=\"has-medium-font-size\">Bien que chaque cas soit unique, le trouble peut refl\u00e9ter des aspects de la personnalit\u00e9 et de l&#8217;\u00e9tat \u00e9motionnel de la personne :<\/p>\n\n\n\n<p class=\"has-medium-font-size\">\ud83d\udd39 <strong>Les personnes anxieuses ou stress\u00e9es :<\/strong> elles ont tendance \u00e0 accumuler des objets parce qu&#8217;elles pensent en avoir besoin dans le futur, mais cela ne fait que renforcer le sentiment de perte de contr\u00f4le.<br>\ud83d\udd39 <strong>Les personnes souffrant de d\u00e9pression :<\/strong> elles peuvent se d\u00e9sint\u00e9resser du rangement de leur environnement, car le manque d&#8217;\u00e9nergie et de motivation affecte leur capacit\u00e9 \u00e0 s&#8217;organiser.<br>\ud83d\udd39 <strong>Personnes cr\u00e9atives :<\/strong> le d\u00e9sordre est parfois une forme de stimulation visuelle, bien qu&#8217;un exc\u00e8s de d\u00e9sordre puisse entra\u00eener une dispersion mentale.<br>\ud83d\udd39 <strong>Les personnes ayant des probl\u00e8mes d&#8217;attachement :<\/strong> elles ont des difficult\u00e9s \u00e0 se d\u00e9faire des objets, car elles les attachent \u00e0 des souvenirs \u00e9motionnels intenses.<\/p>\n\n\n\n<p class=\"has-medium-font-size\">Si vous identifiez l&#8217;un de ces sch\u00e9mas chez vous, ne vous inqui\u00e9tez pas : l&#8217;ordre est un outil puissant pour am\u00e9liorer la sant\u00e9 \u00e9motionnelle.<\/p>\n\n\n\n<h2 class=\"wp-block-heading\"><strong>3. \u00c9tudes de cas : quand les commandes changent la vie<\/strong><\/h2>\n\n\n\n<p class=\"has-medium-font-size\">\ud83d\udd38 <strong>Cas 1 : De l&#8217;anxi\u00e9t\u00e9 \u00e0 l&#8217;\u00e9quilibre<br><\/strong>Maria, une femme d&#8217;affaires de 38 ans, se sentait mentalement \u00e9puis\u00e9e. En analysant sa maison, nous avons r\u00e9alis\u00e9 que son d\u00e9sordre \u00e9tait le reflet de son travail et de sa charge \u00e9motionnelle. Nous avons mis en place un syst\u00e8me d&#8217;organisation par zones et lui avons appris \u00e0 se d\u00e9barrasser du superflu. R\u00e9sultat ? Elle s&#8217;est sentie plus l\u00e9g\u00e8re, plus concentr\u00e9e et plus sereine.<\/p>\n\n\n\n<p class=\"has-medium-font-size\">\ud83d\udd38 <strong>Cas 2 : La famille et le chaos domestique<br><\/strong>Pilar, m\u00e8re d&#8217;une petite fille, \u00e9tait constamment stress\u00e9e parce que sa maison \u00e9tait en d\u00e9sordre. Elle ne trouvait pas le temps de s&#8217;organiser et l&#8217;accumulation de choses cr\u00e9ait des tensions au sein de la famille. Nous avons appliqu\u00e9 des techniques d&#8217;organisation familiale et cr\u00e9\u00e9 des routines durables. Aujourd&#8217;hui, sa maison est plus harmonieuse et sa fille a \u00e9galement pris de bonnes habitudes.<\/p>\n\n\n\n<h2 class=\"wp-block-heading\"><strong>4. Comment l&#8217;ordre peut gu\u00e9rir les \u00e9motions et am\u00e9liorer la qualit\u00e9 de vie<\/strong><\/h2>\n\n\n\n<p class=\"has-medium-font-size\">L&#8217;organisation n&#8217;est pas seulement une question esth\u00e9tique, c&#8217;est un outil th\u00e9rapeutique. Voici quelques avantages prouv\u00e9s :<\/p>\n\n\n\n<p class=\"has-medium-font-size\">\ud83e\uddd8 <strong>R\u00e9duire le stress et l&#8217;anxi\u00e9t\u00e9 :<\/strong> un espace d\u00e9sencombr\u00e9 permet d&#8217;avoir l&#8217;esprit plus calme.<br>\ud83d\udecc <strong>Am\u00e9liore le repos :<\/strong> une chambre \u00e0 coucher bien organis\u00e9e favorise un sommeil r\u00e9parateur.<br>\ud83d\udcbc <strong>Augmentation de la productivit\u00e9 :<\/strong> un bureau bien rang\u00e9 am\u00e9liore la concentration et la prise de d\u00e9cision.<br>\ud83d\udc68\u200d\ud83d\udc69\u200d\ud83d\udc67\u200d\ud83d\udc66 <strong>Renforcement des relations familiales :<\/strong> un m\u00e9nage organis\u00e9 r\u00e9duit les tensions et les conflits.<br>\u267b\ufe0f <strong>Promouvoir le d\u00e9veloppement durable :<\/strong> en r\u00e9duisant la consommation inutile, vous contribuez \u00e0 la protection de l&#8217;environnement.<\/p>\n\n\n\n<h2 class=\"wp-block-heading\"><strong>5. Comment commencer \u00e0 ranger pour am\u00e9liorer votre bien-\u00eatre<\/strong><\/h2>\n\n\n\n<p class=\"has-medium-font-size\">Si vous souhaitez am\u00e9liorer votre bien-\u00eatre \u00e9motionnel gr\u00e2ce au rangement, voici quelques conseils pratiques :<\/p>\n\n\n\n<p class=\"has-medium-font-size\">\ud83d\udcdd <strong>Dressez une liste des domaines prioritaires :<\/strong> commencez par les petits espaces et progressez graduellement.<br>\ud83d\udce6 <strong>Triez vos objets :<\/strong> utilisez la r\u00e8gle des trois piles : garder, donner ou jeter.<br>\ud83d\udd52 <strong>Consacrez 15 minutes par jour :<\/strong> il n&#8217;est pas n\u00e9cessaire de tout faire en un jour ; les petits changements donnent de grands r\u00e9sultats.<br>\ud83d\udc68\u200d\ud83d\udc69\u200d\ud83d\udc67 <strong>Impliquez votre famille :<\/strong> l&#8217;organisation est une habitude \u00e0 partager.<br>\ud83d\udcc5 <strong>Cr\u00e9er des routines durables : <\/strong>le maintien de l&#8217;ordre est un processus continu, pas un \u00e9v\u00e9nement ponctuel.<\/p>\n\n\n\n<h2 class=\"wp-block-heading\"><strong>Conclusion : l&#8217;ordre comme th\u00e9rapie de l&#8217;esprit et de l&#8217;\u00e2me<\/strong><\/h2>\n\n\n\n<p class=\"has-medium-font-size\">Le d\u00e9sordre et l&#8217;\u00e9tat \u00e9motionnel sont \u00e9troitement li\u00e9s. Une maison chaotique peut \u00eatre le reflet d&#8217;une agitation int\u00e9rieure, tandis qu&#8217;un espace organis\u00e9 g\u00e9n\u00e8re calme et bien-\u00eatre. L&#8217;essentiel est de trouver un \u00e9quilibre qui vous aide \u00e0 am\u00e9liorer votre qualit\u00e9 de vie, sans \u00eatre obs\u00e9d\u00e9 par la perfection.<\/p>\n\n\n\n<p class=\"has-medium-font-size\">Chez <strong>Ordenamigas<\/strong>, nous ne nous contentons pas d&#8217;organiser des espaces, nous aidons \u00e0 transformer des vies gr\u00e2ce \u00e0 l&#8217;ordre. Vous voulez vous sentir plus l\u00e9ger, avec une plus grande tranquillit\u00e9 d&#8217;esprit et une \u00e9nergie renouvel\u00e9e ? Commencez d\u00e8s aujourd&#8217;hui ! \ud83c\udf3f\u2728<\/p>\n\n\n\n<p class=\"has-medium-font-size\">\ud83d\udce9 <strong>Contactez-nous pour obtenir des conseils personnalis\u00e9s et d\u00e9couvrir comment l&#8217;ordre peut am\u00e9liorer votre vie.<\/strong><\/p>\n\n\n\n<p><\/p>\n","protected":false},"excerpt":{"rendered":"<p>Introduction Avez-vous d\u00e9j\u00e0 eu l&#8217;impression que le d\u00e9sordre dans votre maison vous submerge, ou que lorsque vous nettoyez et organisez un espace, vous ressentez un grand sentiment de soulagement ?&hellip;<\/p>\n","protected":false},"author":1,"featured_media":23357,"comment_status":"open","ping_status":"open","sticky":false,"template":"","format":"standard","meta":{"footnotes":""},"categories":[227],"tags":[],"class_list":["post-24551","post","type-post","status-publish","format-standard","has-post-thumbnail","hentry","category-publicacion-fr"],"yoast_head":"<!-- This site is optimized with the Yoast SEO plugin v24.7 - https:\/\/yoast.com\/wordpress\/plugins\/seo\/ -->\n<title>D\u00e9sordre et \u00e9motions : Comment votre espace refl\u00e8te votre monde int\u00e9rieur - Ordenamigas<\/title>\n<meta name=\"robots\" content=\"index, follow, max-snippet:-1, max-image-preview:large, max-video-preview:-1\" \/>\n<link rel=\"canonical\" href=\"https:\/\/ordenamigas.es\/fr\/desordre-et-emotions-comment-votre-espace-reflete-votre-monde-interieur\/\" \/>\n<meta property=\"og:locale\" content=\"fr_FR\" \/>\n<meta property=\"og:type\" content=\"article\" \/>\n<meta property=\"og:title\" content=\"D\u00e9sordre et \u00e9motions : Comment votre espace refl\u00e8te votre monde int\u00e9rieur - Ordenamigas\" \/>\n<meta property=\"og:description\" content=\"Introduction Avez-vous d\u00e9j\u00e0 eu l&#8217;impression que le d\u00e9sordre dans votre maison vous submerge, ou que lorsque vous nettoyez et organisez un espace, vous ressentez un grand sentiment de soulagement ?&hellip;\" \/>\n<meta property=\"og:url\" content=\"https:\/\/ordenamigas.es\/fr\/desordre-et-emotions-comment-votre-espace-reflete-votre-monde-interieur\/\" \/>\n<meta property=\"og:site_name\" content=\"Ordenamigas\" \/>\n<meta property=\"article:published_time\" content=\"2025-05-09T11:57:44+00:00\" \/>\n<meta property=\"article:modified_time\" content=\"2025-05-21T07:07:09+00:00\" \/>\n<meta property=\"og:image\" content=\"https:\/\/ordenamigas.es\/wp-content\/uploads\/2025\/05\/bloc-desorden.jpg\" \/>\n\t<meta property=\"og:image:width\" content=\"1920\" \/>\n\t<meta property=\"og:image:height\" content=\"1080\" \/>\n\t<meta property=\"og:image:type\" content=\"image\/jpeg\" \/>\n<meta name=\"author\" content=\"indigenasdigitales\" \/>\n<meta name=\"twitter:card\" content=\"summary_large_image\" \/>\n<meta name=\"twitter:creator\" content=\"@info@ordenamigas.es\" \/>\n<meta name=\"twitter:label1\" content=\"\u00c9crit par\" \/>\n\t<meta name=\"twitter:data1\" content=\"indigenasdigitales\" \/>\n\t<meta name=\"twitter:label2\" content=\"Dur\u00e9e de lecture estim\u00e9e\" \/>\n\t<meta name=\"twitter:data2\" content=\"5 minutes\" \/>\n<script type=\"application\/ld+json\" class=\"yoast-schema-graph\">{\"@context\":\"https:\/\/schema.org\",\"@graph\":[{\"@type\":\"Article\",\"@id\":\"https:\/\/ordenamigas.es\/fr\/desordre-et-emotions-comment-votre-espace-reflete-votre-monde-interieur\/#article\",\"isPartOf\":{\"@id\":\"https:\/\/ordenamigas.es\/fr\/desordre-et-emotions-comment-votre-espace-reflete-votre-monde-interieur\/\"},\"author\":{\"name\":\"indigenasdigitales\",\"@id\":\"https:\/\/ordenamigas.es\/fr\/#\/schema\/person\/8bd3197384f1474b1dae3c9b755df1eb\"},\"headline\":\"D\u00e9sordre et \u00e9motions : Comment votre espace refl\u00e8te votre monde int\u00e9rieur\",\"datePublished\":\"2025-05-09T11:57:44+00:00\",\"dateModified\":\"2025-05-21T07:07:09+00:00\",\"mainEntityOfPage\":{\"@id\":\"https:\/\/ordenamigas.es\/fr\/desordre-et-emotions-comment-votre-espace-reflete-votre-monde-interieur\/\"},\"wordCount\":1042,\"commentCount\":0,\"publisher\":{\"@id\":\"https:\/\/ordenamigas.es\/fr\/#organization\"},\"image\":{\"@id\":\"https:\/\/ordenamigas.es\/fr\/desordre-et-emotions-comment-votre-espace-reflete-votre-monde-interieur\/#primaryimage\"},\"thumbnailUrl\":\"https:\/\/ordenamigas.es\/wp-content\/uploads\/2025\/05\/bloc-desorden.jpg\",\"articleSection\":[\"Publication\"],\"inLanguage\":\"fr-FR\",\"potentialAction\":[{\"@type\":\"CommentAction\",\"name\":\"Comment\",\"target\":[\"https:\/\/ordenamigas.es\/fr\/desordre-et-emotions-comment-votre-espace-reflete-votre-monde-interieur\/#respond\"]}]},{\"@type\":\"WebPage\",\"@id\":\"https:\/\/ordenamigas.es\/fr\/desordre-et-emotions-comment-votre-espace-reflete-votre-monde-interieur\/\",\"url\":\"https:\/\/ordenamigas.es\/fr\/desordre-et-emotions-comment-votre-espace-reflete-votre-monde-interieur\/\",\"name\":\"D\u00e9sordre et \u00e9motions : Comment votre espace refl\u00e8te votre monde int\u00e9rieur - Ordenamigas\",\"isPartOf\":{\"@id\":\"https:\/\/ordenamigas.es\/fr\/#website\"},\"primaryImageOfPage\":{\"@id\":\"https:\/\/ordenamigas.es\/fr\/desordre-et-emotions-comment-votre-espace-reflete-votre-monde-interieur\/#primaryimage\"},\"image\":{\"@id\":\"https:\/\/ordenamigas.es\/fr\/desordre-et-emotions-comment-votre-espace-reflete-votre-monde-interieur\/#primaryimage\"},\"thumbnailUrl\":\"https:\/\/ordenamigas.es\/wp-content\/uploads\/2025\/05\/bloc-desorden.jpg\",\"datePublished\":\"2025-05-09T11:57:44+00:00\",\"dateModified\":\"2025-05-21T07:07:09+00:00\",\"breadcrumb\":{\"@id\":\"https:\/\/ordenamigas.es\/fr\/desordre-et-emotions-comment-votre-espace-reflete-votre-monde-interieur\/#breadcrumb\"},\"inLanguage\":\"fr-FR\",\"potentialAction\":[{\"@type\":\"ReadAction\",\"target\":[\"https:\/\/ordenamigas.es\/fr\/desordre-et-emotions-comment-votre-espace-reflete-votre-monde-interieur\/\"]}]},{\"@type\":\"ImageObject\",\"inLanguage\":\"fr-FR\",\"@id\":\"https:\/\/ordenamigas.es\/fr\/desordre-et-emotions-comment-votre-espace-reflete-votre-monde-interieur\/#primaryimage\",\"url\":\"https:\/\/ordenamigas.es\/wp-content\/uploads\/2025\/05\/bloc-desorden.jpg\",\"contentUrl\":\"https:\/\/ordenamigas.es\/wp-content\/uploads\/2025\/05\/bloc-desorden.jpg\",\"width\":1920,\"height\":1080,\"caption\":\"Workplace Workspace Wooden Table Document Concept\"},{\"@type\":\"BreadcrumbList\",\"@id\":\"https:\/\/ordenamigas.es\/fr\/desordre-et-emotions-comment-votre-espace-reflete-votre-monde-interieur\/#breadcrumb\",\"itemListElement\":[{\"@type\":\"ListItem\",\"position\":1,\"name\":\"Portada\",\"item\":\"https:\/\/ordenamigas.es\/fr\/\"},{\"@type\":\"ListItem\",\"position\":2,\"name\":\"D\u00e9sordre et \u00e9motions : Comment votre espace refl\u00e8te votre monde int\u00e9rieur\"}]},{\"@type\":\"WebSite\",\"@id\":\"https:\/\/ordenamigas.es\/fr\/#website\",\"url\":\"https:\/\/ordenamigas.es\/fr\/\",\"name\":\"Ordenamigas\",\"description\":\"Organisez bureau et maison \u00e0 Majorque\",\"publisher\":{\"@id\":\"https:\/\/ordenamigas.es\/fr\/#organization\"},\"potentialAction\":[{\"@type\":\"SearchAction\",\"target\":{\"@type\":\"EntryPoint\",\"urlTemplate\":\"https:\/\/ordenamigas.es\/fr\/?s={search_term_string}\"},\"query-input\":{\"@type\":\"PropertyValueSpecification\",\"valueRequired\":true,\"valueName\":\"search_term_string\"}}],\"inLanguage\":\"fr-FR\"},{\"@type\":\"Organization\",\"@id\":\"https:\/\/ordenamigas.es\/fr\/#organization\",\"name\":\"Ordenamigas\",\"url\":\"https:\/\/ordenamigas.es\/fr\/\",\"logo\":{\"@type\":\"ImageObject\",\"inLanguage\":\"fr-FR\",\"@id\":\"https:\/\/ordenamigas.es\/fr\/#\/schema\/logo\/image\/\",\"url\":\"https:\/\/ordenamigas.es\/wp-content\/uploads\/2025\/03\/logo-horizontal-ordenamigas.png\",\"contentUrl\":\"https:\/\/ordenamigas.es\/wp-content\/uploads\/2025\/03\/logo-horizontal-ordenamigas.png\",\"width\":1092,\"height\":347,\"caption\":\"Ordenamigas\"},\"image\":{\"@id\":\"https:\/\/ordenamigas.es\/fr\/#\/schema\/logo\/image\/\"}},{\"@type\":\"Person\",\"@id\":\"https:\/\/ordenamigas.es\/fr\/#\/schema\/person\/8bd3197384f1474b1dae3c9b755df1eb\",\"name\":\"indigenasdigitales\",\"image\":{\"@type\":\"ImageObject\",\"inLanguage\":\"fr-FR\",\"@id\":\"https:\/\/ordenamigas.es\/fr\/#\/schema\/person\/image\/\",\"url\":\"https:\/\/secure.gravatar.com\/avatar\/83eb1ae29e58d16f3871ea906f41414c43de0ff1b3cc5973860fa5954041ad5d?s=96&d=mm&r=g\",\"contentUrl\":\"https:\/\/secure.gravatar.com\/avatar\/83eb1ae29e58d16f3871ea906f41414c43de0ff1b3cc5973860fa5954041ad5d?s=96&d=mm&r=g\",\"caption\":\"indigenasdigitales\"},\"sameAs\":[\"https:\/\/ordenamigas.es\",\"https:\/\/x.com\/info@ordenamigas.es\"],\"url\":\"https:\/\/ordenamigas.es\/fr\/author\/indigenasdigitales\/\"}]}<\/script>\n<!-- \/ Yoast SEO plugin. -->","yoast_head_json":{"title":"D\u00e9sordre et \u00e9motions : Comment votre espace refl\u00e8te votre monde int\u00e9rieur - Ordenamigas","robots":{"index":"index","follow":"follow","max-snippet":"max-snippet:-1","max-image-preview":"max-image-preview:large","max-video-preview":"max-video-preview:-1"},"canonical":"https:\/\/ordenamigas.es\/fr\/desordre-et-emotions-comment-votre-espace-reflete-votre-monde-interieur\/","og_locale":"fr_FR","og_type":"article","og_title":"D\u00e9sordre et \u00e9motions : Comment votre espace refl\u00e8te votre monde int\u00e9rieur - Ordenamigas","og_description":"Introduction Avez-vous d\u00e9j\u00e0 eu l&#8217;impression que le d\u00e9sordre dans votre maison vous submerge, ou que lorsque vous nettoyez et organisez un espace, vous ressentez un grand sentiment de soulagement ?&hellip;","og_url":"https:\/\/ordenamigas.es\/fr\/desordre-et-emotions-comment-votre-espace-reflete-votre-monde-interieur\/","og_site_name":"Ordenamigas","article_published_time":"2025-05-09T11:57:44+00:00","article_modified_time":"2025-05-21T07:07:09+00:00","og_image":[{"width":1920,"height":1080,"url":"https:\/\/ordenamigas.es\/wp-content\/uploads\/2025\/05\/bloc-desorden.jpg","type":"image\/jpeg"}],"author":"indigenasdigitales","twitter_card":"summary_large_image","twitter_creator":"@info@ordenamigas.es","twitter_misc":{"\u00c9crit par":"indigenasdigitales","Dur\u00e9e de lecture estim\u00e9e":"5 minutes"},"schema":{"@context":"https:\/\/schema.org","@graph":[{"@type":"Article","@id":"https:\/\/ordenamigas.es\/fr\/desordre-et-emotions-comment-votre-espace-reflete-votre-monde-interieur\/#article","isPartOf":{"@id":"https:\/\/ordenamigas.es\/fr\/desordre-et-emotions-comment-votre-espace-reflete-votre-monde-interieur\/"},"author":{"name":"indigenasdigitales","@id":"https:\/\/ordenamigas.es\/fr\/#\/schema\/person\/8bd3197384f1474b1dae3c9b755df1eb"},"headline":"D\u00e9sordre et \u00e9motions : Comment votre espace refl\u00e8te votre monde int\u00e9rieur","datePublished":"2025-05-09T11:57:44+00:00","dateModified":"2025-05-21T07:07:09+00:00","mainEntityOfPage":{"@id":"https:\/\/ordenamigas.es\/fr\/desordre-et-emotions-comment-votre-espace-reflete-votre-monde-interieur\/"},"wordCount":1042,"commentCount":0,"publisher":{"@id":"https:\/\/ordenamigas.es\/fr\/#organization"},"image":{"@id":"https:\/\/ordenamigas.es\/fr\/desordre-et-emotions-comment-votre-espace-reflete-votre-monde-interieur\/#primaryimage"},"thumbnailUrl":"https:\/\/ordenamigas.es\/wp-content\/uploads\/2025\/05\/bloc-desorden.jpg","articleSection":["Publication"],"inLanguage":"fr-FR","potentialAction":[{"@type":"CommentAction","name":"Comment","target":["https:\/\/ordenamigas.es\/fr\/desordre-et-emotions-comment-votre-espace-reflete-votre-monde-interieur\/#respond"]}]},{"@type":"WebPage","@id":"https:\/\/ordenamigas.es\/fr\/desordre-et-emotions-comment-votre-espace-reflete-votre-monde-interieur\/","url":"https:\/\/ordenamigas.es\/fr\/desordre-et-emotions-comment-votre-espace-reflete-votre-monde-interieur\/","name":"D\u00e9sordre et \u00e9motions : Comment votre espace refl\u00e8te votre monde int\u00e9rieur - Ordenamigas","isPartOf":{"@id":"https:\/\/ordenamigas.es\/fr\/#website"},"primaryImageOfPage":{"@id":"https:\/\/ordenamigas.es\/fr\/desordre-et-emotions-comment-votre-espace-reflete-votre-monde-interieur\/#primaryimage"},"image":{"@id":"https:\/\/ordenamigas.es\/fr\/desordre-et-emotions-comment-votre-espace-reflete-votre-monde-interieur\/#primaryimage"},"thumbnailUrl":"https:\/\/ordenamigas.es\/wp-content\/uploads\/2025\/05\/bloc-desorden.jpg","datePublished":"2025-05-09T11:57:44+00:00","dateModified":"2025-05-21T07:07:09+00:00","breadcrumb":{"@id":"https:\/\/ordenamigas.es\/fr\/desordre-et-emotions-comment-votre-espace-reflete-votre-monde-interieur\/#breadcrumb"},"inLanguage":"fr-FR","potentialAction":[{"@type":"ReadAction","target":["https:\/\/ordenamigas.es\/fr\/desordre-et-emotions-comment-votre-espace-reflete-votre-monde-interieur\/"]}]},{"@type":"ImageObject","inLanguage":"fr-FR","@id":"https:\/\/ordenamigas.es\/fr\/desordre-et-emotions-comment-votre-espace-reflete-votre-monde-interieur\/#primaryimage","url":"https:\/\/ordenamigas.es\/wp-content\/uploads\/2025\/05\/bloc-desorden.jpg","contentUrl":"https:\/\/ordenamigas.es\/wp-content\/uploads\/2025\/05\/bloc-desorden.jpg","width":1920,"height":1080,"caption":"Workplace Workspace Wooden Table Document Concept"},{"@type":"BreadcrumbList","@id":"https:\/\/ordenamigas.es\/fr\/desordre-et-emotions-comment-votre-espace-reflete-votre-monde-interieur\/#breadcrumb","itemListElement":[{"@type":"ListItem","position":1,"name":"Portada","item":"https:\/\/ordenamigas.es\/fr\/"},{"@type":"ListItem","position":2,"name":"D\u00e9sordre et \u00e9motions : Comment votre espace refl\u00e8te votre monde int\u00e9rieur"}]},{"@type":"WebSite","@id":"https:\/\/ordenamigas.es\/fr\/#website","url":"https:\/\/ordenamigas.es\/fr\/","name":"Ordenamigas","description":"Organisez bureau et maison \u00e0 Majorque","publisher":{"@id":"https:\/\/ordenamigas.es\/fr\/#organization"},"potentialAction":[{"@type":"SearchAction","target":{"@type":"EntryPoint","urlTemplate":"https:\/\/ordenamigas.es\/fr\/?s={search_term_string}"},"query-input":{"@type":"PropertyValueSpecification","valueRequired":true,"valueName":"search_term_string"}}],"inLanguage":"fr-FR"},{"@type":"Organization","@id":"https:\/\/ordenamigas.es\/fr\/#organization","name":"Ordenamigas","url":"https:\/\/ordenamigas.es\/fr\/","logo":{"@type":"ImageObject","inLanguage":"fr-FR","@id":"https:\/\/ordenamigas.es\/fr\/#\/schema\/logo\/image\/","url":"https:\/\/ordenamigas.es\/wp-content\/uploads\/2025\/03\/logo-horizontal-ordenamigas.png","contentUrl":"https:\/\/ordenamigas.es\/wp-content\/uploads\/2025\/03\/logo-horizontal-ordenamigas.png","width":1092,"height":347,"caption":"Ordenamigas"},"image":{"@id":"https:\/\/ordenamigas.es\/fr\/#\/schema\/logo\/image\/"}},{"@type":"Person","@id":"https:\/\/ordenamigas.es\/fr\/#\/schema\/person\/8bd3197384f1474b1dae3c9b755df1eb","name":"indigenasdigitales","image":{"@type":"ImageObject","inLanguage":"fr-FR","@id":"https:\/\/ordenamigas.es\/fr\/#\/schema\/person\/image\/","url":"https:\/\/secure.gravatar.com\/avatar\/83eb1ae29e58d16f3871ea906f41414c43de0ff1b3cc5973860fa5954041ad5d?s=96&d=mm&r=g","contentUrl":"https:\/\/secure.gravatar.com\/avatar\/83eb1ae29e58d16f3871ea906f41414c43de0ff1b3cc5973860fa5954041ad5d?s=96&d=mm&r=g","caption":"indigenasdigitales"},"sameAs":["https:\/\/ordenamigas.es","https:\/\/x.com\/info@ordenamigas.es"],"url":"https:\/\/ordenamigas.es\/fr\/author\/indigenasdigitales\/"}]}},"_links":{"self":[{"href":"https:\/\/ordenamigas.es\/fr\/wp-json\/wp\/v2\/posts\/24551","targetHints":{"allow":["GET"]}}],"collection":[{"href":"https:\/\/ordenamigas.es\/fr\/wp-json\/wp\/v2\/posts"}],"about":[{"href":"https:\/\/ordenamigas.es\/fr\/wp-json\/wp\/v2\/types\/post"}],"author":[{"embeddable":true,"href":"https:\/\/ordenamigas.es\/fr\/wp-json\/wp\/v2\/users\/1"}],"replies":[{"embeddable":true,"href":"https:\/\/ordenamigas.es\/fr\/wp-json\/wp\/v2\/comments?post=24551"}],"version-history":[{"count":1,"href":"https:\/\/ordenamigas.es\/fr\/wp-json\/wp\/v2\/posts\/24551\/revisions"}],"predecessor-version":[{"id":24553,"href":"https:\/\/ordenamigas.es\/fr\/wp-json\/wp\/v2\/posts\/24551\/revisions\/24553"}],"wp:featuredmedia":[{"embeddable":true,"href":"https:\/\/ordenamigas.es\/fr\/wp-json\/wp\/v2\/media\/23357"}],"wp:attachment":[{"href":"https:\/\/ordenamigas.es\/fr\/wp-json\/wp\/v2\/media?parent=24551"}],"wp:term":[{"taxonomy":"category","embeddable":true,"href":"https:\/\/ordenamigas.es\/fr\/wp-json\/wp\/v2\/categories?post=24551"},{"taxonomy":"post_tag","embeddable":true,"href":"https:\/\/ordenamigas.es\/fr\/wp-json\/wp\/v2\/tags?post=24551"}],"curies":[{"name":"wp","href":"https:\/\/api.w.org\/{rel}","templated":true}]}}